{"id":1950,"date":"2015-08-02T10:06:04","date_gmt":"2015-08-02T10:06:04","guid":{"rendered":"http:\/\/marolt-photography.com\/?p=1950"},"modified":"2016-08-03T17:21:21","modified_gmt":"2016-08-03T17:21:21","slug":"poroka-stanjel-ferrarijev-vrt-iva-jaro","status":"publish","type":"post","link":"https:\/\/marolt-photography.com\/en\/poroka-stanjel-ferrarijev-vrt-iva-jaro\/","title":{"rendered":"Poroka v \u0160tanjelu &#8211; Iva&#038;Jaro"},"content":{"rendered":"<h1>Poroka v \u0160tanjelu<\/h1>\n<p>Tistega mirnega popoldneva sta se v \u0160tanjelu poro\u010dila Iva in Jaro. Bila je to poroka v nedvomno najo\u017ejem krogu, kar sem ji bil pri\u010da. Pavilion, lep razgled, dober jazz in kozarec penine. Redko mladoporo\u010denca tako spro\u0161\u010deno u\u017eivata v poroki. Velika, zapletena organizacija jima je bila vsekakor prihranjena.<\/p>\n<p><img loading=\"lazy\" decoding=\"async\" class=\"alignnone wp-image-1957 size-full\" src=\"http:\/\/marolt-photography.com\/wp-content\/uploads\/2015\/08\/01_sopek_cevlji_fotografiranje_porok_Janez_Marolt.jpg\" alt=\"01_sopek_cevlji_fotografiranje_porok_Janez_Marolt Poroka \u0160tanjel\" width=\"904\" height=\"293\" srcset=\"https:\/\/marolt-photography.com\/wp-content\/uploads\/2015\/08\/01_sopek_cevlji_fotografiranje_porok_Janez_Marolt.jpg 904w, https:\/\/marolt-photography.com\/wp-content\/uploads\/2015\/08\/01_sopek_cevlji_fotografiranje_porok_Janez_Marolt-300x97.jpg 300w\" sizes=\"auto, (max-width: 904px) 100vw, 904px\" \/><img loading=\"lazy\" decoding=\"async\" class=\"alignnone wp-image-1956 size-full\" src=\"http:\/\/marolt-photography.com\/wp-content\/uploads\/2015\/08\/01_portreta_fotografiranje_porok_Janez_Marolt.jpg\" alt=\"01_portreta_fotografiranje_porok_Janez_Marolt Poroka \u0160tanjel\" width=\"904\" height=\"405\" srcset=\"https:\/\/marolt-photography.com\/wp-content\/uploads\/2015\/08\/01_portreta_fotografiranje_porok_Janez_Marolt.jpg 904w, https:\/\/marolt-photography.com\/wp-content\/uploads\/2015\/08\/01_portreta_fotografiranje_porok_Janez_Marolt-300x134.jpg 300w\" sizes=\"auto, (max-width: 904px) 100vw, 904px\" \/><img loading=\"lazy\" decoding=\"async\" class=\"alignnone wp-image-1958 size-full\" src=\"http:\/\/marolt-photography.com\/wp-content\/uploads\/2015\/08\/02_prihod_fotografiranje_porok_Janez_Marolt.jpg\" alt=\"02_prihod_fotografiranje_porok_Janez_Marolt Poroka \u0160tanjel\" width=\"904\" height=\"405\" srcset=\"https:\/\/marolt-photography.com\/wp-content\/uploads\/2015\/08\/02_prihod_fotografiranje_porok_Janez_Marolt.jpg 904w, https:\/\/marolt-photography.com\/wp-content\/uploads\/2015\/08\/02_prihod_fotografiranje_porok_Janez_Marolt-300x134.jpg 300w\" sizes=\"auto, (max-width: 904px) 100vw, 904px\" \/> <img loading=\"lazy\" decoding=\"async\" class=\"alignnone wp-image-1961 size-full\" src=\"http:\/\/marolt-photography.com\/wp-content\/uploads\/2015\/08\/04_most_fotografiranje_porok_Janez_Marolt.jpg\" alt=\"04_most_fotografiranje_porok_Janez_Marolt Poroka \u0160tanjel\" width=\"904\" height=\"405\" srcset=\"https:\/\/marolt-photography.com\/wp-content\/uploads\/2015\/08\/04_most_fotografiranje_porok_Janez_Marolt.jpg 904w, https:\/\/marolt-photography.com\/wp-content\/uploads\/2015\/08\/04_most_fotografiranje_porok_Janez_Marolt-300x134.jpg 300w\" sizes=\"auto, (max-width: 904px) 100vw, 904px\" \/><img loading=\"lazy\" decoding=\"async\" class=\"alignnone wp-image-1959 size-full\" src=\"http:\/\/marolt-photography.com\/wp-content\/uploads\/2015\/08\/03_Metulj_saksofonist_fotografiranje_porok_Janez_Marolt.jpg\" alt=\"03_Metulj_saksofonist_fotografiranje_porok_Janez_Marolt Poroka \u0160tanjel\" width=\"904\" height=\"525\" srcset=\"https:\/\/marolt-photography.com\/wp-content\/uploads\/2015\/08\/03_Metulj_saksofonist_fotografiranje_porok_Janez_Marolt.jpg 904w, https:\/\/marolt-photography.com\/wp-content\/uploads\/2015\/08\/03_Metulj_saksofonist_fotografiranje_porok_Janez_Marolt-300x174.jpg 300w\" sizes=\"auto, (max-width: 904px) 100vw, 904px\" \/><img loading=\"lazy\" decoding=\"async\" class=\"alignnone wp-image-1960 size-full\" src=\"http:\/\/marolt-photography.com\/wp-content\/uploads\/2015\/08\/03_prstana_fotografiranje_porok_Janez_Marolt.jpg\" alt=\"03_prstana_fotografiranje_porok_Janez_Marolt Poroka \u0160tanjel\" width=\"904\" height=\"293\" srcset=\"https:\/\/marolt-photography.com\/wp-content\/uploads\/2015\/08\/03_prstana_fotografiranje_porok_Janez_Marolt.jpg 904w, https:\/\/marolt-photography.com\/wp-content\/uploads\/2015\/08\/03_prstana_fotografiranje_porok_Janez_Marolt-300x97.jpg 300w\" sizes=\"auto, (max-width: 904px) 100vw, 904px\" \/><img loading=\"lazy\" decoding=\"async\" class=\"alignnone wp-image-1962 size-full\" src=\"http:\/\/marolt-photography.com\/wp-content\/uploads\/2015\/08\/05_obred_fotografiranje_porok_Janez_Marolt.jpg\" alt=\"05_obred_fotografiranje_porok_Janez_Marolt Poroka \u0160tanjel\" width=\"904\" height=\"293\" srcset=\"https:\/\/marolt-photography.com\/wp-content\/uploads\/2015\/08\/05_obred_fotografiranje_porok_Janez_Marolt.jpg 904w, https:\/\/marolt-photography.com\/wp-content\/uploads\/2015\/08\/05_obred_fotografiranje_porok_Janez_Marolt-300x97.jpg 300w\" sizes=\"auto, (max-width: 904px) 100vw, 904px\" \/><img loading=\"lazy\" decoding=\"async\" class=\"alignnone wp-image-1963 size-full\" src=\"http:\/\/marolt-photography.com\/wp-content\/uploads\/2015\/08\/06_zdravljica_fotografiranje_porok_Janez_Marolt.jpg\" alt=\"06_zdravljica_fotografiranje_porok_Janez_Marolt Poroka \u0160tanjel\" width=\"904\" height=\"293\" srcset=\"https:\/\/marolt-photography.com\/wp-content\/uploads\/2015\/08\/06_zdravljica_fotografiranje_porok_Janez_Marolt.jpg 904w, https:\/\/marolt-photography.com\/wp-content\/uploads\/2015\/08\/06_zdravljica_fotografiranje_porok_Janez_Marolt-300x97.jpg 300w\" sizes=\"auto, (max-width: 904px) 100vw, 904px\" \/> <img loading=\"lazy\" decoding=\"async\" class=\"alignnone wp-image-1964 size-full\" src=\"http:\/\/marolt-photography.com\/wp-content\/uploads\/2015\/08\/07_poljub_fotografiranje_porok_Janez_Marolt.jpg\" alt=\"07_poljub_fotografiranje_porok_Janez_Marolt Poroka \u0160tanjel\" width=\"904\" height=\"293\" srcset=\"https:\/\/marolt-photography.com\/wp-content\/uploads\/2015\/08\/07_poljub_fotografiranje_porok_Janez_Marolt.jpg 904w, https:\/\/marolt-photography.com\/wp-content\/uploads\/2015\/08\/07_poljub_fotografiranje_porok_Janez_Marolt-300x97.jpg 300w\" sizes=\"auto, (max-width: 904px) 100vw, 904px\" \/><img loading=\"lazy\" decoding=\"async\" class=\"alignnone wp-image-1983 size-full\" src=\"http:\/\/marolt-photography.com\/wp-content\/uploads\/2015\/08\/IvaJaro_0526_fotografiranje_porok_Janez_Marolt.jpg\" alt=\"Iva&amp;Jaro_0526_fotografiranje_porok_Janez_Marolt Poroka \u0160tanjel\" width=\"904\" height=\"604\" srcset=\"https:\/\/marolt-photography.com\/wp-content\/uploads\/2015\/08\/IvaJaro_0526_fotografiranje_porok_Janez_Marolt.jpg 904w, https:\/\/marolt-photography.com\/wp-content\/uploads\/2015\/08\/IvaJaro_0526_fotografiranje_porok_Janez_Marolt-300x200.jpg 300w\" sizes=\"auto, (max-width: 904px) 100vw, 904px\" \/><img loading=\"lazy\" decoding=\"async\" class=\"alignnone wp-image-1986 size-full\" src=\"http:\/\/marolt-photography.com\/wp-content\/uploads\/2015\/08\/IvaJaro_0914_fotografiranje_porok_Janez_Marolt.jpg\" alt=\"Iva&amp;Jaro_0914_fotografiranje_porok_Janez_Marolt Poroka \u0160tanjel\" width=\"904\" height=\"464\" srcset=\"https:\/\/marolt-photography.com\/wp-content\/uploads\/2015\/08\/IvaJaro_0914_fotografiranje_porok_Janez_Marolt.jpg 904w, https:\/\/marolt-photography.com\/wp-content\/uploads\/2015\/08\/IvaJaro_0914_fotografiranje_porok_Janez_Marolt-300x153.jpg 300w\" sizes=\"auto, (max-width: 904px) 100vw, 904px\" \/><img loading=\"lazy\" decoding=\"async\" class=\"alignnone wp-image-1971 size-full\" src=\"http:\/\/marolt-photography.com\/wp-content\/uploads\/2015\/08\/14_saksofonist_fotografiranje_porok_Janez_Marolt.jpg\" alt=\"14_saksofonist_fotografiranje_porok_Janez_Marolt Poroka \u0160tanjel\" width=\"904\" height=\"293\" srcset=\"https:\/\/marolt-photography.com\/wp-content\/uploads\/2015\/08\/14_saksofonist_fotografiranje_porok_Janez_Marolt.jpg 904w, https:\/\/marolt-photography.com\/wp-content\/uploads\/2015\/08\/14_saksofonist_fotografiranje_porok_Janez_Marolt-300x97.jpg 300w\" sizes=\"auto, (max-width: 904px) 100vw, 904px\" \/><img loading=\"lazy\" decoding=\"async\" class=\"alignnone wp-image-1965 size-full\" src=\"http:\/\/marolt-photography.com\/wp-content\/uploads\/2015\/08\/08_vrata_fotografiranje_porok_Janez_Marolt.jpg\" alt=\"08_vrata_fotografiranje_porok_Janez_Marolt Poroka \u0160tanjel\" width=\"904\" height=\"525\" srcset=\"https:\/\/marolt-photography.com\/wp-content\/uploads\/2015\/08\/08_vrata_fotografiranje_porok_Janez_Marolt.jpg 904w, https:\/\/marolt-photography.com\/wp-content\/uploads\/2015\/08\/08_vrata_fotografiranje_porok_Janez_Marolt-300x174.jpg 300w\" sizes=\"auto, (max-width: 904px) 100vw, 904px\" \/>\u00a0\u00a0 <img loading=\"lazy\" decoding=\"async\" class=\"alignnone wp-image-1985 size-full\" src=\"http:\/\/marolt-photography.com\/wp-content\/uploads\/2015\/08\/IvaJaro_0669_fotografiranje_porok_Janez_Marolt.jpg\" alt=\"Iva&amp;Jaro_0669_fotografiranje_porok_Janez_Marolt Poroka \u0160tanjel\" width=\"904\" height=\"604\" srcset=\"https:\/\/marolt-photography.com\/wp-content\/uploads\/2015\/08\/IvaJaro_0669_fotografiranje_porok_Janez_Marolt.jpg 904w, https:\/\/marolt-photography.com\/wp-content\/uploads\/2015\/08\/IvaJaro_0669_fotografiranje_porok_Janez_Marolt-300x200.jpg 300w\" sizes=\"auto, (max-width: 904px) 100vw, 904px\" \/> <img loading=\"lazy\" decoding=\"async\" class=\"alignnone wp-image-1984 size-full\" src=\"http:\/\/marolt-photography.com\/wp-content\/uploads\/2015\/08\/IvaJaro_0637_fotografiranje_porok_Janez_Marolt.jpg\" alt=\"Iva&amp;Jaro_0637_fotografiranje_porok_Janez_Marolt Poroka \u0160tanjel\" width=\"904\" height=\"605\" srcset=\"https:\/\/marolt-photography.com\/wp-content\/uploads\/2015\/08\/IvaJaro_0637_fotografiranje_porok_Janez_Marolt.jpg 904w, https:\/\/marolt-photography.com\/wp-content\/uploads\/2015\/08\/IvaJaro_0637_fotografiranje_porok_Janez_Marolt-300x200.jpg 300w\" sizes=\"auto, (max-width: 904px) 100vw, 904px\" \/>\u00a0\u00a0\u00a0\u00a0\u00a0 <img loading=\"lazy\" decoding=\"async\" class=\"alignnone wp-image-1975 size-full\" src=\"http:\/\/marolt-photography.com\/wp-content\/uploads\/2015\/08\/18_most_2_fotografiranje_porok_Janez_Marolt.jpg\" alt=\"18_most_2_fotografiranje_porok_Janez_Marolt Poroka \u0160tanjel\" width=\"904\" height=\"655\" srcset=\"https:\/\/marolt-photography.com\/wp-content\/uploads\/2015\/08\/18_most_2_fotografiranje_porok_Janez_Marolt.jpg 904w, https:\/\/marolt-photography.com\/wp-content\/uploads\/2015\/08\/18_most_2_fotografiranje_porok_Janez_Marolt-300x217.jpg 300w\" sizes=\"auto, (max-width: 904px) 100vw, 904px\" \/><img loading=\"lazy\" decoding=\"async\" class=\"alignnone wp-image-1973 size-full\" src=\"http:\/\/marolt-photography.com\/wp-content\/uploads\/2015\/08\/16_darila_fotografiranje_porok_Janez_Marolt.jpg\" alt=\"16_darila_fotografiranje_porok_Janez_Marolt Poroka \u0160tanjel\" width=\"904\" height=\"232\" srcset=\"https:\/\/marolt-photography.com\/wp-content\/uploads\/2015\/08\/16_darila_fotografiranje_porok_Janez_Marolt.jpg 904w, https:\/\/marolt-photography.com\/wp-content\/uploads\/2015\/08\/16_darila_fotografiranje_porok_Janez_Marolt-300x76.jpg 300w\" sizes=\"auto, (max-width: 904px) 100vw, 904px\" \/> <img loading=\"lazy\" decoding=\"async\" class=\"alignnone wp-image-1974 size-full\" src=\"http:\/\/marolt-photography.com\/wp-content\/uploads\/2015\/08\/17_darilo_fotografiranje_porok_Janez_Marolt.jpg\" alt=\"17_darilo_fotografiranje_porok_Janez_Marolt Poroka \u0160tanjel\" width=\"904\" height=\"421\" srcset=\"https:\/\/marolt-photography.com\/wp-content\/uploads\/2015\/08\/17_darilo_fotografiranje_porok_Janez_Marolt.jpg 904w, https:\/\/marolt-photography.com\/wp-content\/uploads\/2015\/08\/17_darilo_fotografiranje_porok_Janez_Marolt-300x139.jpg 300w\" sizes=\"auto, (max-width: 904px) 100vw, 904px\" \/><img loading=\"lazy\" decoding=\"async\" class=\"alignnone wp-image-1970 size-full\" src=\"http:\/\/marolt-photography.com\/wp-content\/uploads\/2015\/08\/13_prici_fotografiranje_porok_Janez_Marolt.jpg\" alt=\"13_prici_fotografiranje_porok_Janez_Marolt Poroka \u0160tanjel\" width=\"904\" height=\"293\" srcset=\"https:\/\/marolt-photography.com\/wp-content\/uploads\/2015\/08\/13_prici_fotografiranje_porok_Janez_Marolt.jpg 904w, https:\/\/marolt-photography.com\/wp-content\/uploads\/2015\/08\/13_prici_fotografiranje_porok_Janez_Marolt-300x97.jpg 300w\" sizes=\"auto, (max-width: 904px) 100vw, 904px\" \/>\u00a0 <img loading=\"lazy\" decoding=\"async\" class=\"alignnone wp-image-1969 size-full\" src=\"http:\/\/marolt-photography.com\/wp-content\/uploads\/2015\/08\/12_JaroIva_fotografiranje_porok_Janez_Marolt.jpg\" alt=\"12_Jaro&amp;Iva_fotografiranje_porok_Janez_Marolt Poroka \u0160tanjel\" width=\"904\" height=\"293\" srcset=\"https:\/\/marolt-photography.com\/wp-content\/uploads\/2015\/08\/12_JaroIva_fotografiranje_porok_Janez_Marolt.jpg 904w, https:\/\/marolt-photography.com\/wp-content\/uploads\/2015\/08\/12_JaroIva_fotografiranje_porok_Janez_Marolt-300x97.jpg 300w\" sizes=\"auto, (max-width: 904px) 100vw, 904px\" \/> <img loading=\"lazy\" decoding=\"async\" class=\"alignnone wp-image-1968 size-full\" src=\"http:\/\/marolt-photography.com\/wp-content\/uploads\/2015\/08\/11_prstani_fotografiranje_porok_Janez_Marolt.jpg\" alt=\"11_prstani_fotografiranje_porok_Janez_Marolt Poroka \u0160tanjel\" width=\"904\" height=\"421\" srcset=\"https:\/\/marolt-photography.com\/wp-content\/uploads\/2015\/08\/11_prstani_fotografiranje_porok_Janez_Marolt.jpg 904w, https:\/\/marolt-photography.com\/wp-content\/uploads\/2015\/08\/11_prstani_fotografiranje_porok_Janez_Marolt-300x139.jpg 300w\" sizes=\"auto, (max-width: 904px) 100vw, 904px\" \/><img loading=\"lazy\" decoding=\"async\" class=\"alignnone size-full wp-image-1991\" src=\"http:\/\/marolt-photography.com\/wp-content\/uploads\/2015\/08\/15_prica_s_partnerico_fotografiranje_porok_Janez_Marolt.jpg\" alt=\"15_prica_s_partnerico_fotografiranje_porok_Janez_Marolt\" width=\"904\" height=\"317\" srcset=\"https:\/\/marolt-photography.com\/wp-content\/uploads\/2015\/08\/15_prica_s_partnerico_fotografiranje_porok_Janez_Marolt.jpg 904w, https:\/\/marolt-photography.com\/wp-content\/uploads\/2015\/08\/15_prica_s_partnerico_fotografiranje_porok_Janez_Marolt-300x105.jpg 300w\" sizes=\"auto, (max-width: 904px) 100vw, 904px\" \/> <img loading=\"lazy\" decoding=\"async\" class=\"alignnone wp-image-1967 size-full\" src=\"http:\/\/marolt-photography.com\/wp-content\/uploads\/2015\/08\/10_s_pricami_fotografiranje_porok_Janez_Marolt.jpg\" alt=\"10_s_pricami_fotografiranje_porok_Janez_Marolt Poroka \u0160tanjel\" width=\"904\" height=\"405\" srcset=\"https:\/\/marolt-photography.com\/wp-content\/uploads\/2015\/08\/10_s_pricami_fotografiranje_porok_Janez_Marolt.jpg 904w, https:\/\/marolt-photography.com\/wp-content\/uploads\/2015\/08\/10_s_pricami_fotografiranje_porok_Janez_Marolt-300x134.jpg 300w\" sizes=\"auto, (max-width: 904px) 100vw, 904px\" \/> <img loading=\"lazy\" decoding=\"async\" class=\"alignnone wp-image-1966 size-full\" src=\"http:\/\/marolt-photography.com\/wp-content\/uploads\/2015\/08\/09_cb_IvaJaro_fotografiranje_porok_Janez_Marolt.jpg\" alt=\"09_cb_Iva&amp;Jaro_fotografiranje_porok_Janez_Marolt Poroka \u0160tanjel\" width=\"904\" height=\"405\" srcset=\"https:\/\/marolt-photography.com\/wp-content\/uploads\/2015\/08\/09_cb_IvaJaro_fotografiranje_porok_Janez_Marolt.jpg 904w, https:\/\/marolt-photography.com\/wp-content\/uploads\/2015\/08\/09_cb_IvaJaro_fotografiranje_porok_Janez_Marolt-300x134.jpg 300w\" sizes=\"auto, (max-width: 904px) 100vw, 904px\" \/> <img loading=\"lazy\" decoding=\"async\" class=\"alignnone wp-image-1977 size-full\" src=\"http:\/\/marolt-photography.com\/wp-content\/uploads\/2015\/08\/20_IvaIva_fotografiranje_porok_Janez_Marolt.jpg\" alt=\"20_Iva&amp;Iva_fotografiranje_porok_Janez_Marolt Poroka \u0160tanjel\" width=\"904\" height=\"294\" srcset=\"https:\/\/marolt-photography.com\/wp-content\/uploads\/2015\/08\/20_IvaIva_fotografiranje_porok_Janez_Marolt.jpg 904w, https:\/\/marolt-photography.com\/wp-content\/uploads\/2015\/08\/20_IvaIva_fotografiranje_porok_Janez_Marolt-300x97.jpg 300w\" sizes=\"auto, (max-width: 904px) 100vw, 904px\" \/><img loading=\"lazy\" decoding=\"async\" class=\"alignnone wp-image-1987 size-full\" src=\"http:\/\/marolt-photography.com\/wp-content\/uploads\/2015\/08\/IvaJaro_1100_fotografiranje_porok_Janez_Marolt.jpg\" alt=\"Iva&amp;Jaro_1100_fotografiranje_porok_Janez_Marolt Poroka \u0160tanjel\" width=\"904\" height=\"604\" srcset=\"https:\/\/marolt-photography.com\/wp-content\/uploads\/2015\/08\/IvaJaro_1100_fotografiranje_porok_Janez_Marolt.jpg 904w, https:\/\/marolt-photography.com\/wp-content\/uploads\/2015\/08\/IvaJaro_1100_fotografiranje_porok_Janez_Marolt-300x200.jpg 300w\" sizes=\"auto, (max-width: 904px) 100vw, 904px\" \/> <img loading=\"lazy\" decoding=\"async\" class=\"alignnone wp-image-1976 size-full\" src=\"http:\/\/marolt-photography.com\/wp-content\/uploads\/2015\/08\/19_IvaJaro_fotografiranje_porok_Janez_Marolt.jpg\" alt=\"19_Iva&amp;Jaro_fotografiranje_porok_Janez_Marolt Poroka \u0160tanjel\" width=\"904\" height=\"294\" srcset=\"https:\/\/marolt-photography.com\/wp-content\/uploads\/2015\/08\/19_IvaJaro_fotografiranje_porok_Janez_Marolt.jpg 904w, https:\/\/marolt-photography.com\/wp-content\/uploads\/2015\/08\/19_IvaJaro_fotografiranje_porok_Janez_Marolt-300x97.jpg 300w\" sizes=\"auto, (max-width: 904px) 100vw, 904px\" \/><img loading=\"lazy\" decoding=\"async\" class=\"alignnone wp-image-1979 size-full\" src=\"http:\/\/marolt-photography.com\/wp-content\/uploads\/2015\/08\/22_punce_fotografiranje_porok_Janez_Marolt.jpg\" alt=\"22_punce_fotografiranje_porok_Janez_Marolt Poroka \u0160tanjel\" width=\"904\" height=\"525\" srcset=\"https:\/\/marolt-photography.com\/wp-content\/uploads\/2015\/08\/22_punce_fotografiranje_porok_Janez_Marolt.jpg 904w, https:\/\/marolt-photography.com\/wp-content\/uploads\/2015\/08\/22_punce_fotografiranje_porok_Janez_Marolt-300x174.jpg 300w\" sizes=\"auto, (max-width: 904px) 100vw, 904px\" \/> <img loading=\"lazy\" decoding=\"async\" class=\"alignnone wp-image-1978 size-full\" src=\"http:\/\/marolt-photography.com\/wp-content\/uploads\/2015\/08\/21_Stanjel_cerkev_fotografiranje_porok_Janez_Marolt.jpg\" alt=\"21_Stanjel_cerkev_fotografiranje_porok_Janez_Marolt Poroka \u0160tanjel\" width=\"904\" height=\"405\" srcset=\"https:\/\/marolt-photography.com\/wp-content\/uploads\/2015\/08\/21_Stanjel_cerkev_fotografiranje_porok_Janez_Marolt.jpg 904w, https:\/\/marolt-photography.com\/wp-content\/uploads\/2015\/08\/21_Stanjel_cerkev_fotografiranje_porok_Janez_Marolt-300x134.jpg 300w\" sizes=\"auto, (max-width: 904px) 100vw, 904px\" \/> <img loading=\"lazy\" decoding=\"async\" class=\"alignnone wp-image-1981 size-full\" src=\"http:\/\/marolt-photography.com\/wp-content\/uploads\/2015\/08\/24_ognjemet_fotografiranje_porok_Janez_Marolt.jpg\" alt=\"24_ognjemet_fotografiranje_porok_Janez_Marolt Poroka \u0160tanjel\" width=\"904\" height=\"405\" srcset=\"https:\/\/marolt-photography.com\/wp-content\/uploads\/2015\/08\/24_ognjemet_fotografiranje_porok_Janez_Marolt.jpg 904w, https:\/\/marolt-photography.com\/wp-content\/uploads\/2015\/08\/24_ognjemet_fotografiranje_porok_Janez_Marolt-300x134.jpg 300w\" sizes=\"auto, (max-width: 904px) 100vw, 904px\" \/> <img loading=\"lazy\" decoding=\"async\" class=\"alignnone wp-image-1980 size-full\" src=\"http:\/\/marolt-photography.com\/wp-content\/uploads\/2015\/08\/23_Kikla_fotografiranje_porok_Janez_Marolt.jpg\" alt=\"23_Kikla_fotografiranje_porok_Janez_Marolt Poroka \u0160tanjel\" width=\"904\" height=\"405\" srcset=\"https:\/\/marolt-photography.com\/wp-content\/uploads\/2015\/08\/23_Kikla_fotografiranje_porok_Janez_Marolt.jpg 904w, https:\/\/marolt-photography.com\/wp-content\/uploads\/2015\/08\/23_Kikla_fotografiranje_porok_Janez_Marolt-300x134.jpg 300w\" sizes=\"auto, (max-width: 904px) 100vw, 904px\" \/><\/p>\n<p>Kar zadeva lokacijo, je poroka v \u0160tanjelu brez dvoma dobra ideja.<\/p>\n<p>&nbsp;<\/p>\n<p>&nbsp;<\/p>\n<p>&nbsp;<\/p>","protected":false},"excerpt":{"rendered":"<p>Poroka v \u0160tanjelu &#8211; Fotografiranje mikro poroke v Ferrarijevem vrtu. Poro\u010dne fotografije: Janez Marolt<\/p>","protected":false},"author":1,"featured_media":0,"comment_status":"closed","ping_status":"closed","sticky":false,"template":"","format":"standard","meta":{"footnotes":""},"categories":[13,17,1],"tags":[],"class_list":["post-1950","post","type-post","status-publish","format-standard","hentry","category-porocna_fotografija","category-profesionalna_fotografija","category-professional_photography","content-columns-1"],"yoast_head":"<!-- This site is optimized with the Yoast SEO Premium plugin v27.1 (Yoast SEO v27.1.1) - https:\/\/yoast.com\/product\/yoast-seo-premium-wordpress\/ -->\n<title>Poroka v \u0160tanjelu<\/title>\n<meta name=\"description\" content=\"Poroka v \u0160tanjelu - Fotografiranje mikro poroke v Ferrarijevem vrtu. Poro\u010dne fotografije: Janez Marolt\" \/>\n<meta name=\"robots\" content=\"index, follow, max-snippet:-1, max-image-preview:large, max-video-preview:-1\" \/>\n<link rel=\"canonical\" href=\"https:\/\/marolt-photography.com\/en\/poroka-stanjel-ferrarijev-vrt-iva-jaro\/\" \/>\n<meta property=\"og:locale\" content=\"en_GB\" \/>\n<meta property=\"og:type\" content=\"article\" \/>\n<meta property=\"og:title\" content=\"Poroka v \u0160tanjelu - Iva&amp;Jaro\" \/>\n<meta property=\"og:description\" content=\"Poroka v \u0160tanjelu - Fotografiranje mikro poroke v Ferrarijevem vrtu. Poro\u010dne fotografije: Janez Marolt\" \/>\n<meta property=\"og:url\" content=\"https:\/\/marolt-photography.com\/en\/poroka-stanjel-ferrarijev-vrt-iva-jaro\/\" \/>\n<meta property=\"og:site_name\" content=\"Janez Marolt - Photography\" \/>\n<meta property=\"article:publisher\" content=\"https:\/\/www.facebook.com\/janez.fotograf\" \/>\n<meta property=\"article:author\" content=\"https:\/\/www.facebook.com\/janez.fotograf\" \/>\n<meta property=\"article:published_time\" content=\"2015-08-02T10:06:04+00:00\" \/>\n<meta property=\"article:modified_time\" content=\"2016-08-03T17:21:21+00:00\" \/>\n<meta property=\"og:image\" content=\"http:\/\/marolt-photography.com\/wp-content\/uploads\/2015\/08\/01_sopek_cevlji_fotografiranje_porok_Janez_Marolt.jpg\" \/>\n<meta name=\"author\" content=\"Janez Marolt\" \/>\n<meta name=\"twitter:label1\" content=\"Written by\" \/>\n\t<meta name=\"twitter:data1\" content=\"Janez Marolt\" \/>\n<script type=\"application\/ld+json\" class=\"yoast-schema-graph\">{\"@context\":\"https:\/\/schema.org\",\"@graph\":[{\"@type\":\"Article\",\"@id\":\"https:\/\/marolt-photography.com\/poroka-stanjel-ferrarijev-vrt-iva-jaro\/#article\",\"isPartOf\":{\"@id\":\"https:\/\/marolt-photography.com\/poroka-stanjel-ferrarijev-vrt-iva-jaro\/\"},\"author\":{\"name\":\"Janez Marolt\",\"@id\":\"https:\/\/marolt-photography.com\/#\/schema\/person\/629b997fdc2e80e5556f662e3e1ed326\"},\"headline\":\"Poroka v \u0160tanjelu &#8211; Iva&#038;Jaro\",\"datePublished\":\"2015-08-02T10:06:04+00:00\",\"dateModified\":\"2016-08-03T17:21:21+00:00\",\"mainEntityOfPage\":{\"@id\":\"https:\/\/marolt-photography.com\/poroka-stanjel-ferrarijev-vrt-iva-jaro\/\"},\"wordCount\":76,\"publisher\":{\"@id\":\"https:\/\/marolt-photography.com\/#\/schema\/person\/629b997fdc2e80e5556f662e3e1ed326\"},\"image\":{\"@id\":\"https:\/\/marolt-photography.com\/poroka-stanjel-ferrarijev-vrt-iva-jaro\/#primaryimage\"},\"thumbnailUrl\":\"http:\/\/marolt-photography.com\/wp-content\/uploads\/2015\/08\/01_sopek_cevlji_fotografiranje_porok_Janez_Marolt.jpg\",\"articleSection\":[\"Poro\u010dna fotografija\",\"Profesionalna fotografija\",\"Professional Photography\"],\"inLanguage\":\"en-GB\"},{\"@type\":\"WebPage\",\"@id\":\"https:\/\/marolt-photography.com\/poroka-stanjel-ferrarijev-vrt-iva-jaro\/\",\"url\":\"https:\/\/marolt-photography.com\/poroka-stanjel-ferrarijev-vrt-iva-jaro\/\",\"name\":\"Poroka v \u0160tanjelu\",\"isPartOf\":{\"@id\":\"https:\/\/marolt-photography.com\/#website\"},\"primaryImageOfPage\":{\"@id\":\"https:\/\/marolt-photography.com\/poroka-stanjel-ferrarijev-vrt-iva-jaro\/#primaryimage\"},\"image\":{\"@id\":\"https:\/\/marolt-photography.com\/poroka-stanjel-ferrarijev-vrt-iva-jaro\/#primaryimage\"},\"thumbnailUrl\":\"http:\/\/marolt-photography.com\/wp-content\/uploads\/2015\/08\/01_sopek_cevlji_fotografiranje_porok_Janez_Marolt.jpg\",\"datePublished\":\"2015-08-02T10:06:04+00:00\",\"dateModified\":\"2016-08-03T17:21:21+00:00\",\"description\":\"Poroka v \u0160tanjelu - Fotografiranje mikro poroke v Ferrarijevem vrtu. Poro\u010dne fotografije: Janez Marolt\",\"inLanguage\":\"en-GB\",\"potentialAction\":[{\"@type\":\"ReadAction\",\"target\":[\"https:\/\/marolt-photography.com\/poroka-stanjel-ferrarijev-vrt-iva-jaro\/\"]}]},{\"@type\":\"ImageObject\",\"inLanguage\":\"en-GB\",\"@id\":\"https:\/\/marolt-photography.com\/poroka-stanjel-ferrarijev-vrt-iva-jaro\/#primaryimage\",\"url\":\"http:\/\/marolt-photography.com\/wp-content\/uploads\/2015\/08\/01_sopek_cevlji_fotografiranje_porok_Janez_Marolt.jpg\",\"contentUrl\":\"http:\/\/marolt-photography.com\/wp-content\/uploads\/2015\/08\/01_sopek_cevlji_fotografiranje_porok_Janez_Marolt.jpg\"},{\"@type\":\"WebSite\",\"@id\":\"https:\/\/marolt-photography.com\/#website\",\"url\":\"https:\/\/marolt-photography.com\/\",\"name\":\"Janez Marolt - Photography\",\"description\":\"Profesionalna fotografija\",\"publisher\":{\"@id\":\"https:\/\/marolt-photography.com\/#\/schema\/person\/629b997fdc2e80e5556f662e3e1ed326\"},\"potentialAction\":[{\"@type\":\"SearchAction\",\"target\":{\"@type\":\"EntryPoint\",\"urlTemplate\":\"https:\/\/marolt-photography.com\/?s={search_term_string}\"},\"query-input\":{\"@type\":\"PropertyValueSpecification\",\"valueRequired\":true,\"valueName\":\"search_term_string\"}}],\"inLanguage\":\"en-GB\"},{\"@type\":[\"Person\",\"Organization\"],\"@id\":\"https:\/\/marolt-photography.com\/#\/schema\/person\/629b997fdc2e80e5556f662e3e1ed326\",\"name\":\"Janez Marolt\",\"image\":{\"@type\":\"ImageObject\",\"inLanguage\":\"en-GB\",\"@id\":\"https:\/\/marolt-photography.com\/#\/schema\/person\/image\/\",\"url\":\"https:\/\/secure.gravatar.com\/avatar\/86dc16766a32aff098b9a6bbf2c3abc20295153deca1d27fcb371d8273fb9f5d?s=96&d=mm&r=g\",\"contentUrl\":\"https:\/\/secure.gravatar.com\/avatar\/86dc16766a32aff098b9a6bbf2c3abc20295153deca1d27fcb371d8273fb9f5d?s=96&d=mm&r=g\",\"caption\":\"Janez Marolt\"},\"logo\":{\"@id\":\"https:\/\/marolt-photography.com\/#\/schema\/person\/image\/\"},\"sameAs\":[\"https:\/\/marolt-photography.com\/\",\"https:\/\/www.facebook.com\/janez.fotograf\",\"https:\/\/www.instagram.com\/janezmarolt\/\"],\"url\":\"https:\/\/marolt-photography.com\/en\/author\/admin\/\"}]}<\/script>\n<!-- \/ Yoast SEO Premium plugin. -->","yoast_head_json":{"title":"Poroka v \u0160tanjelu","description":"Poroka v \u0160tanjelu - Fotografiranje mikro poroke v Ferrarijevem vrtu. Poro\u010dne fotografije: Janez Marolt","robots":{"index":"index","follow":"follow","max-snippet":"max-snippet:-1","max-image-preview":"max-image-preview:large","max-video-preview":"max-video-preview:-1"},"canonical":"https:\/\/marolt-photography.com\/en\/poroka-stanjel-ferrarijev-vrt-iva-jaro\/","og_locale":"en_GB","og_type":"article","og_title":"Poroka v \u0160tanjelu - Iva&Jaro","og_description":"Poroka v \u0160tanjelu - Fotografiranje mikro poroke v Ferrarijevem vrtu. Poro\u010dne fotografije: Janez Marolt","og_url":"https:\/\/marolt-photography.com\/en\/poroka-stanjel-ferrarijev-vrt-iva-jaro\/","og_site_name":"Janez Marolt - Photography","article_publisher":"https:\/\/www.facebook.com\/janez.fotograf","article_author":"https:\/\/www.facebook.com\/janez.fotograf","article_published_time":"2015-08-02T10:06:04+00:00","article_modified_time":"2016-08-03T17:21:21+00:00","og_image":[{"url":"http:\/\/marolt-photography.com\/wp-content\/uploads\/2015\/08\/01_sopek_cevlji_fotografiranje_porok_Janez_Marolt.jpg","type":"","width":"","height":""}],"author":"Janez Marolt","twitter_misc":{"Written by":"Janez Marolt"},"schema":{"@context":"https:\/\/schema.org","@graph":[{"@type":"Article","@id":"https:\/\/marolt-photography.com\/poroka-stanjel-ferrarijev-vrt-iva-jaro\/#article","isPartOf":{"@id":"https:\/\/marolt-photography.com\/poroka-stanjel-ferrarijev-vrt-iva-jaro\/"},"author":{"name":"Janez Marolt","@id":"https:\/\/marolt-photography.com\/#\/schema\/person\/629b997fdc2e80e5556f662e3e1ed326"},"headline":"Poroka v \u0160tanjelu &#8211; Iva&#038;Jaro","datePublished":"2015-08-02T10:06:04+00:00","dateModified":"2016-08-03T17:21:21+00:00","mainEntityOfPage":{"@id":"https:\/\/marolt-photography.com\/poroka-stanjel-ferrarijev-vrt-iva-jaro\/"},"wordCount":76,"publisher":{"@id":"https:\/\/marolt-photography.com\/#\/schema\/person\/629b997fdc2e80e5556f662e3e1ed326"},"image":{"@id":"https:\/\/marolt-photography.com\/poroka-stanjel-ferrarijev-vrt-iva-jaro\/#primaryimage"},"thumbnailUrl":"http:\/\/marolt-photography.com\/wp-content\/uploads\/2015\/08\/01_sopek_cevlji_fotografiranje_porok_Janez_Marolt.jpg","articleSection":["Poro\u010dna fotografija","Profesionalna fotografija","Professional Photography"],"inLanguage":"en-GB"},{"@type":"WebPage","@id":"https:\/\/marolt-photography.com\/poroka-stanjel-ferrarijev-vrt-iva-jaro\/","url":"https:\/\/marolt-photography.com\/poroka-stanjel-ferrarijev-vrt-iva-jaro\/","name":"Poroka v \u0160tanjelu","isPartOf":{"@id":"https:\/\/marolt-photography.com\/#website"},"primaryImageOfPage":{"@id":"https:\/\/marolt-photography.com\/poroka-stanjel-ferrarijev-vrt-iva-jaro\/#primaryimage"},"image":{"@id":"https:\/\/marolt-photography.com\/poroka-stanjel-ferrarijev-vrt-iva-jaro\/#primaryimage"},"thumbnailUrl":"http:\/\/marolt-photography.com\/wp-content\/uploads\/2015\/08\/01_sopek_cevlji_fotografiranje_porok_Janez_Marolt.jpg","datePublished":"2015-08-02T10:06:04+00:00","dateModified":"2016-08-03T17:21:21+00:00","description":"Poroka v \u0160tanjelu - Fotografiranje mikro poroke v Ferrarijevem vrtu. Poro\u010dne fotografije: Janez Marolt","inLanguage":"en-GB","potentialAction":[{"@type":"ReadAction","target":["https:\/\/marolt-photography.com\/poroka-stanjel-ferrarijev-vrt-iva-jaro\/"]}]},{"@type":"ImageObject","inLanguage":"en-GB","@id":"https:\/\/marolt-photography.com\/poroka-stanjel-ferrarijev-vrt-iva-jaro\/#primaryimage","url":"http:\/\/marolt-photography.com\/wp-content\/uploads\/2015\/08\/01_sopek_cevlji_fotografiranje_porok_Janez_Marolt.jpg","contentUrl":"http:\/\/marolt-photography.com\/wp-content\/uploads\/2015\/08\/01_sopek_cevlji_fotografiranje_porok_Janez_Marolt.jpg"},{"@type":"WebSite","@id":"https:\/\/marolt-photography.com\/#website","url":"https:\/\/marolt-photography.com\/","name":"Janez Marolt - Photography","description":"Proefssional photography","publisher":{"@id":"https:\/\/marolt-photography.com\/#\/schema\/person\/629b997fdc2e80e5556f662e3e1ed326"},"potentialAction":[{"@type":"SearchAction","target":{"@type":"EntryPoint","urlTemplate":"https:\/\/marolt-photography.com\/?s={search_term_string}"},"query-input":{"@type":"PropertyValueSpecification","valueRequired":true,"valueName":"search_term_string"}}],"inLanguage":"en-GB"},{"@type":["Person","Organization"],"@id":"https:\/\/marolt-photography.com\/#\/schema\/person\/629b997fdc2e80e5556f662e3e1ed326","name":"Janez Marolt - professional photographer based in Ljubljana, Slovenia","image":{"@type":"ImageObject","inLanguage":"en-GB","@id":"https:\/\/marolt-photography.com\/#\/schema\/person\/image\/","url":"https:\/\/secure.gravatar.com\/avatar\/86dc16766a32aff098b9a6bbf2c3abc20295153deca1d27fcb371d8273fb9f5d?s=96&d=mm&r=g","contentUrl":"https:\/\/secure.gravatar.com\/avatar\/86dc16766a32aff098b9a6bbf2c3abc20295153deca1d27fcb371d8273fb9f5d?s=96&d=mm&r=g","caption":"Janez Marolt"},"logo":{"@id":"https:\/\/marolt-photography.com\/#\/schema\/person\/image\/"},"sameAs":["https:\/\/marolt-photography.com\/","https:\/\/www.facebook.com\/janez.fotograf","https:\/\/www.instagram.com\/janezmarolt\/"],"url":"https:\/\/marolt-photography.com\/en\/author\/admin\/"}]}},"_links":{"self":[{"href":"https:\/\/marolt-photography.com\/en\/wp-json\/wp\/v2\/posts\/1950","targetHints":{"allow":["GET"]}}],"collection":[{"href":"https:\/\/marolt-photography.com\/en\/wp-json\/wp\/v2\/posts"}],"about":[{"href":"https:\/\/marolt-photography.com\/en\/wp-json\/wp\/v2\/types\/post"}],"author":[{"embeddable":true,"href":"https:\/\/marolt-photography.com\/en\/wp-json\/wp\/v2\/users\/1"}],"replies":[{"embeddable":true,"href":"https:\/\/marolt-photography.com\/en\/wp-json\/wp\/v2\/comments?post=1950"}],"version-history":[{"count":9,"href":"https:\/\/marolt-photography.com\/en\/wp-json\/wp\/v2\/posts\/1950\/revisions"}],"predecessor-version":[{"id":1992,"href":"https:\/\/marolt-photography.com\/en\/wp-json\/wp\/v2\/posts\/1950\/revisions\/1992"}],"wp:attachment":[{"href":"https:\/\/marolt-photography.com\/en\/wp-json\/wp\/v2\/media?parent=1950"}],"wp:term":[{"taxonomy":"category","embeddable":true,"href":"https:\/\/marolt-photography.com\/en\/wp-json\/wp\/v2\/categories?post=1950"},{"taxonomy":"post_tag","embeddable":true,"href":"https:\/\/marolt-photography.com\/en\/wp-json\/wp\/v2\/tags?post=1950"}],"curies":[{"name":"wp","href":"https:\/\/api.w.org\/{rel}","templated":true}]}}