{"id":2364,"date":"2017-01-26T12:44:25","date_gmt":"2017-01-26T12:44:25","guid":{"rendered":"http:\/\/marolt-photography.com\/?p=2364"},"modified":"2019-05-03T15:16:41","modified_gmt":"2019-05-03T15:16:41","slug":"fotografije-pohistva","status":"publish","type":"post","link":"https:\/\/marolt-photography.com\/en\/fotografije-pohistva\/","title":{"rendered":"Fotografije pohi\u0161tva"},"content":{"rendered":"<h1>Fotografije pohi\u0161tva Toma\u017ea \u010celigoja<\/h1>\n<p><img loading=\"lazy\" decoding=\"async\" class=\"alignnone wp-image-2356 size-full\" src=\"http:\/\/marolt-photography.com\/wp-content\/uploads\/2017\/01\/Tomaz_Celigoj_pohistvo_foto_J_Marolt_DSC0940.jpg\" alt=\"Pohi\u0161tvo - toma\u017e \u010celigoj, fotografije - Janez Marolt\" width=\"902\" height=\"601\" srcset=\"https:\/\/marolt-photography.com\/wp-content\/uploads\/2017\/01\/Tomaz_Celigoj_pohistvo_foto_J_Marolt_DSC0940.jpg 902w, https:\/\/marolt-photography.com\/wp-content\/uploads\/2017\/01\/Tomaz_Celigoj_pohistvo_foto_J_Marolt_DSC0940-300x200.jpg 300w, https:\/\/marolt-photography.com\/wp-content\/uploads\/2017\/01\/Tomaz_Celigoj_pohistvo_foto_J_Marolt_DSC0940-768x512.jpg 768w\" sizes=\"auto, (max-width: 902px) 100vw, 902px\" \/>Obe\u0161alnik, mizici in lu\u010di je oblikoval in lastnoro\u010dno izdelal <a href=\"https:\/\/www.facebook.com\/tomaz.celigoj\" target=\"_blank\" rel=\"noopener noreferrer\">arhitekt Toma\u017e \u010celigoj<\/a>.<\/p>\n<p>Fotografije pohi\u0161tva sva posnela nekega ledenega decemberskega dne v rekvizitarni zraven njegove delavnice v podro\u010dju Kolinske. Njegov ma\u010dek six je bil vrhunski maneken.<\/p>\n<p><img loading=\"lazy\" decoding=\"async\" class=\"alignnone size-full wp-image-2359\" src=\"http:\/\/marolt-photography.com\/wp-content\/uploads\/2017\/01\/Tomaz_Celigoj_pohistvo_foto_J_Marolt_DSC1003.jpg\" alt=\"Pohi\u0161tvo: Toma\u017e \u010celigoj, Fotografija: Janez Marolt\" width=\"902\" height=\"601\" srcset=\"https:\/\/marolt-photography.com\/wp-content\/uploads\/2017\/01\/Tomaz_Celigoj_pohistvo_foto_J_Marolt_DSC1003.jpg 902w, https:\/\/marolt-photography.com\/wp-content\/uploads\/2017\/01\/Tomaz_Celigoj_pohistvo_foto_J_Marolt_DSC1003-300x200.jpg 300w, https:\/\/marolt-photography.com\/wp-content\/uploads\/2017\/01\/Tomaz_Celigoj_pohistvo_foto_J_Marolt_DSC1003-768x512.jpg 768w\" sizes=\"auto, (max-width: 902px) 100vw, 902px\" \/><img loading=\"lazy\" decoding=\"async\" class=\"alignnone size-full wp-image-2357\" src=\"http:\/\/marolt-photography.com\/wp-content\/uploads\/2017\/01\/Tomaz_Celigoj_pohistvo_foto_J_Marolt_DSC0962.jpg\" alt=\"Pohi\u0161tvo: Toma\u017e \u010celigoj, Fotografija: Janez Marolt\" width=\"902\" height=\"601\" srcset=\"https:\/\/marolt-photography.com\/wp-content\/uploads\/2017\/01\/Tomaz_Celigoj_pohistvo_foto_J_Marolt_DSC0962.jpg 902w, https:\/\/marolt-photography.com\/wp-content\/uploads\/2017\/01\/Tomaz_Celigoj_pohistvo_foto_J_Marolt_DSC0962-300x200.jpg 300w, https:\/\/marolt-photography.com\/wp-content\/uploads\/2017\/01\/Tomaz_Celigoj_pohistvo_foto_J_Marolt_DSC0962-768x512.jpg 768w\" sizes=\"auto, (max-width: 902px) 100vw, 902px\" \/> <img loading=\"lazy\" decoding=\"async\" class=\"alignnone size-full wp-image-2358\" src=\"http:\/\/marolt-photography.com\/wp-content\/uploads\/2017\/01\/Tomaz_Celigoj_pohistvo_foto_J_Marolt_DSC0972.jpg\" alt=\"Pohi\u0161tvo: Toma\u017e \u010celigoj, Fotografija: Janez Marolt\" width=\"902\" height=\"601\" srcset=\"https:\/\/marolt-photography.com\/wp-content\/uploads\/2017\/01\/Tomaz_Celigoj_pohistvo_foto_J_Marolt_DSC0972.jpg 902w, https:\/\/marolt-photography.com\/wp-content\/uploads\/2017\/01\/Tomaz_Celigoj_pohistvo_foto_J_Marolt_DSC0972-300x200.jpg 300w, https:\/\/marolt-photography.com\/wp-content\/uploads\/2017\/01\/Tomaz_Celigoj_pohistvo_foto_J_Marolt_DSC0972-768x512.jpg 768w\" sizes=\"auto, (max-width: 902px) 100vw, 902px\" \/><img loading=\"lazy\" decoding=\"async\" class=\"alignnone size-full wp-image-2360\" src=\"http:\/\/marolt-photography.com\/wp-content\/uploads\/2017\/01\/Tomaz_Celigoj_pohistvo_foto_J_Marolt_DSC1038.jpg\" alt=\"\" width=\"902\" height=\"601\" srcset=\"https:\/\/marolt-photography.com\/wp-content\/uploads\/2017\/01\/Tomaz_Celigoj_pohistvo_foto_J_Marolt_DSC1038.jpg 902w, https:\/\/marolt-photography.com\/wp-content\/uploads\/2017\/01\/Tomaz_Celigoj_pohistvo_foto_J_Marolt_DSC1038-300x200.jpg 300w, https:\/\/marolt-photography.com\/wp-content\/uploads\/2017\/01\/Tomaz_Celigoj_pohistvo_foto_J_Marolt_DSC1038-768x512.jpg 768w\" sizes=\"auto, (max-width: 902px) 100vw, 902px\" \/> <img loading=\"lazy\" decoding=\"async\" class=\"alignnone size-full wp-image-2363\" src=\"http:\/\/marolt-photography.com\/wp-content\/uploads\/2017\/01\/Tomaz_Celigoj_pohistvo_foto_J_Marolt_DSC1157.jpg\" alt=\"Pohi\u0161tvo: Toma\u017e \u010celigoj, Fotografija: Janez Marolt\" width=\"902\" height=\"601\" srcset=\"https:\/\/marolt-photography.com\/wp-content\/uploads\/2017\/01\/Tomaz_Celigoj_pohistvo_foto_J_Marolt_DSC1157.jpg 902w, https:\/\/marolt-photography.com\/wp-content\/uploads\/2017\/01\/Tomaz_Celigoj_pohistvo_foto_J_Marolt_DSC1157-300x200.jpg 300w, https:\/\/marolt-photography.com\/wp-content\/uploads\/2017\/01\/Tomaz_Celigoj_pohistvo_foto_J_Marolt_DSC1157-768x512.jpg 768w\" sizes=\"auto, (max-width: 902px) 100vw, 902px\" \/> <img loading=\"lazy\" decoding=\"async\" class=\"alignnone size-full wp-image-2355\" src=\"http:\/\/marolt-photography.com\/wp-content\/uploads\/2017\/01\/Tomaz_Celigoj_pohistvo_foto_J_Marolt_DSC0897.jpg\" alt=\"Pohi\u0161tvo: Toma\u017e \u010celigoj, Fotografija: Janez Marolt\" width=\"902\" height=\"601\" srcset=\"https:\/\/marolt-photography.com\/wp-content\/uploads\/2017\/01\/Tomaz_Celigoj_pohistvo_foto_J_Marolt_DSC0897.jpg 902w, https:\/\/marolt-photography.com\/wp-content\/uploads\/2017\/01\/Tomaz_Celigoj_pohistvo_foto_J_Marolt_DSC0897-300x200.jpg 300w, https:\/\/marolt-photography.com\/wp-content\/uploads\/2017\/01\/Tomaz_Celigoj_pohistvo_foto_J_Marolt_DSC0897-768x512.jpg 768w\" sizes=\"auto, (max-width: 902px) 100vw, 902px\" \/><img loading=\"lazy\" decoding=\"async\" class=\"alignnone size-full wp-image-2361\" src=\"http:\/\/marolt-photography.com\/wp-content\/uploads\/2017\/01\/Tomaz_Celigoj_pohistvo_foto_J_Marolt_DSC1095.jpg\" alt=\"Pohi\u0161tvo: Toma\u017e \u010celigoj, Fotografija: Janez Marolt\" width=\"902\" height=\"601\" srcset=\"https:\/\/marolt-photography.com\/wp-content\/uploads\/2017\/01\/Tomaz_Celigoj_pohistvo_foto_J_Marolt_DSC1095.jpg 902w, https:\/\/marolt-photography.com\/wp-content\/uploads\/2017\/01\/Tomaz_Celigoj_pohistvo_foto_J_Marolt_DSC1095-300x200.jpg 300w, https:\/\/marolt-photography.com\/wp-content\/uploads\/2017\/01\/Tomaz_Celigoj_pohistvo_foto_J_Marolt_DSC1095-768x512.jpg 768w\" sizes=\"auto, (max-width: 902px) 100vw, 902px\" \/><img loading=\"lazy\" decoding=\"async\" class=\"alignnone size-full wp-image-2362\" src=\"http:\/\/marolt-photography.com\/wp-content\/uploads\/2017\/01\/Tomaz_Celigoj_pohistvo_foto_J_Marolt_DSC1125.jpg\" alt=\"Pohi\u0161tvo: Toma\u017e \u010celigoj, Fotografija: Janez Marolt\" width=\"601\" height=\"902\" srcset=\"https:\/\/marolt-photography.com\/wp-content\/uploads\/2017\/01\/Tomaz_Celigoj_pohistvo_foto_J_Marolt_DSC1125.jpg 601w, https:\/\/marolt-photography.com\/wp-content\/uploads\/2017\/01\/Tomaz_Celigoj_pohistvo_foto_J_Marolt_DSC1125-200x300.jpg 200w\" sizes=\"auto, (max-width: 601px) 100vw, 601px\" \/><\/p>\n\n\n<p>Ve\u010d o Arhitekturni fotografiji si preberite na strani <a href=\"https:\/\/marolt-photography.com\/en\/arhitekturna-fotografija-predstavitev-ambientov\/\">&#8220;Arhitekturna fotografija&#8221;<\/a><\/p>","protected":false},"excerpt":{"rendered":"<p>Fotografije pohi\u0161tva Toma\u017ea \u010celigoja Obe\u0161alnik, mizici in lu\u010di je oblikoval in lastnoro\u010dno izdelal arhitekt Toma\u017e \u010celigoj. Fotografije pohi\u0161tva sva posnela nekega ledenega decemberskega dne v rekvizitarni zraven njegove delavnice v podro\u010dju Kolinske. Njegov ma\u010dek six je bil vrhunski maneken.<\/p>","protected":false},"author":1,"featured_media":0,"comment_status":"closed","ping_status":"closed","sticky":false,"template":"","format":"standard","meta":{"footnotes":""},"categories":[3,5,17,1],"tags":[],"class_list":["post-2364","post","type-post","status-publish","format-standard","hentry","category-arhitekturna_fotografija","category-fotografija-izdelkov","category-profesionalna_fotografija","category-professional_photography","content-columns-1"],"yoast_head":"<!-- This site is optimized with the Yoast SEO Premium plugin v27.1 (Yoast SEO v27.1.1) - https:\/\/yoast.com\/product\/yoast-seo-premium-wordpress\/ -->\n<title>Fotografije pohi\u0161tva &#8211; Janez Marolt - Photography<\/title>\n<meta name=\"description\" content=\"Jeklen obe\u0161alnik s predali, mizici in lu\u010di, ki jih je oblikoval arhitelt Toma\u017e \u010celigoj. Fotografije: Janez Marolt\" \/>\n<meta name=\"robots\" content=\"index, follow, max-snippet:-1, max-image-preview:large, max-video-preview:-1\" \/>\n<link rel=\"canonical\" href=\"https:\/\/marolt-photography.com\/en\/fotografije-pohistva\/\" \/>\n<meta property=\"og:locale\" content=\"en_GB\" \/>\n<meta property=\"og:type\" content=\"article\" \/>\n<meta property=\"og:title\" content=\"Fotografije pohi\u0161tva\" \/>\n<meta property=\"og:description\" content=\"Jeklen obe\u0161alnik s predali, mizici in lu\u010di, ki jih je oblikoval arhitelt Toma\u017e \u010celigoj. Fotografije: Janez Marolt\" \/>\n<meta property=\"og:url\" content=\"https:\/\/marolt-photography.com\/en\/fotografije-pohistva\/\" \/>\n<meta property=\"og:site_name\" content=\"Janez Marolt - Photography\" \/>\n<meta property=\"article:publisher\" content=\"https:\/\/www.facebook.com\/janez.fotograf\" \/>\n<meta property=\"article:author\" content=\"https:\/\/www.facebook.com\/janez.fotograf\" \/>\n<meta property=\"article:published_time\" content=\"2017-01-26T12:44:25+00:00\" \/>\n<meta property=\"article:modified_time\" content=\"2019-05-03T15:16:41+00:00\" \/>\n<meta property=\"og:image\" content=\"http:\/\/marolt-photography.com\/wp-content\/uploads\/2017\/01\/Tomaz_Celigoj_pohistvo_foto_J_Marolt_DSC0940.jpg\" \/>\n<meta name=\"author\" content=\"Janez Marolt\" \/>\n<meta name=\"twitter:label1\" content=\"Written by\" \/>\n\t<meta name=\"twitter:data1\" content=\"Janez Marolt\" \/>\n<script type=\"application\/ld+json\" class=\"yoast-schema-graph\">{\"@context\":\"https:\/\/schema.org\",\"@graph\":[{\"@type\":\"Article\",\"@id\":\"https:\/\/marolt-photography.com\/en\/fotografije-pohistva\/#article\",\"isPartOf\":{\"@id\":\"https:\/\/marolt-photography.com\/en\/fotografije-pohistva\/\"},\"author\":{\"name\":\"Janez Marolt\",\"@id\":\"https:\/\/marolt-photography.com\/#\/schema\/person\/629b997fdc2e80e5556f662e3e1ed326\"},\"headline\":\"Fotografije pohi\u0161tva\",\"datePublished\":\"2017-01-26T12:44:25+00:00\",\"dateModified\":\"2019-05-03T15:16:41+00:00\",\"mainEntityOfPage\":{\"@id\":\"https:\/\/marolt-photography.com\/en\/fotografije-pohistva\/\"},\"wordCount\":50,\"publisher\":{\"@id\":\"https:\/\/marolt-photography.com\/#\/schema\/person\/629b997fdc2e80e5556f662e3e1ed326\"},\"image\":{\"@id\":\"https:\/\/marolt-photography.com\/en\/fotografije-pohistva\/#primaryimage\"},\"thumbnailUrl\":\"http:\/\/marolt-photography.com\/wp-content\/uploads\/2017\/01\/Tomaz_Celigoj_pohistvo_foto_J_Marolt_DSC0940.jpg\",\"articleSection\":[\"Arhitekturna fotografija\",\"Fotografija izdelkov\",\"Profesionalna fotografija\",\"Professional Photography\"],\"inLanguage\":\"en-GB\"},{\"@type\":\"WebPage\",\"@id\":\"https:\/\/marolt-photography.com\/en\/fotografije-pohistva\/\",\"url\":\"https:\/\/marolt-photography.com\/en\/fotografije-pohistva\/\",\"name\":\"Fotografije pohi\u0161tva &#8211; Janez Marolt - Photography\",\"isPartOf\":{\"@id\":\"https:\/\/marolt-photography.com\/#website\"},\"primaryImageOfPage\":{\"@id\":\"https:\/\/marolt-photography.com\/en\/fotografije-pohistva\/#primaryimage\"},\"image\":{\"@id\":\"https:\/\/marolt-photography.com\/en\/fotografije-pohistva\/#primaryimage\"},\"thumbnailUrl\":\"http:\/\/marolt-photography.com\/wp-content\/uploads\/2017\/01\/Tomaz_Celigoj_pohistvo_foto_J_Marolt_DSC0940.jpg\",\"datePublished\":\"2017-01-26T12:44:25+00:00\",\"dateModified\":\"2019-05-03T15:16:41+00:00\",\"description\":\"Jeklen obe\u0161alnik s predali, mizici in lu\u010di, ki jih je oblikoval arhitelt Toma\u017e \u010celigoj. Fotografije: Janez Marolt\",\"inLanguage\":\"en-GB\",\"potentialAction\":[{\"@type\":\"ReadAction\",\"target\":[\"https:\/\/marolt-photography.com\/en\/fotografije-pohistva\/\"]}]},{\"@type\":\"ImageObject\",\"inLanguage\":\"en-GB\",\"@id\":\"https:\/\/marolt-photography.com\/en\/fotografije-pohistva\/#primaryimage\",\"url\":\"http:\/\/marolt-photography.com\/wp-content\/uploads\/2017\/01\/Tomaz_Celigoj_pohistvo_foto_J_Marolt_DSC0940.jpg\",\"contentUrl\":\"http:\/\/marolt-photography.com\/wp-content\/uploads\/2017\/01\/Tomaz_Celigoj_pohistvo_foto_J_Marolt_DSC0940.jpg\"},{\"@type\":\"WebSite\",\"@id\":\"https:\/\/marolt-photography.com\/#website\",\"url\":\"https:\/\/marolt-photography.com\/\",\"name\":\"Janez Marolt - Photography\",\"description\":\"Profesionalna fotografija\",\"publisher\":{\"@id\":\"https:\/\/marolt-photography.com\/#\/schema\/person\/629b997fdc2e80e5556f662e3e1ed326\"},\"potentialAction\":[{\"@type\":\"SearchAction\",\"target\":{\"@type\":\"EntryPoint\",\"urlTemplate\":\"https:\/\/marolt-photography.com\/?s={search_term_string}\"},\"query-input\":{\"@type\":\"PropertyValueSpecification\",\"valueRequired\":true,\"valueName\":\"search_term_string\"}}],\"inLanguage\":\"en-GB\"},{\"@type\":[\"Person\",\"Organization\"],\"@id\":\"https:\/\/marolt-photography.com\/#\/schema\/person\/629b997fdc2e80e5556f662e3e1ed326\",\"name\":\"Janez Marolt\",\"image\":{\"@type\":\"ImageObject\",\"inLanguage\":\"en-GB\",\"@id\":\"https:\/\/marolt-photography.com\/#\/schema\/person\/image\/\",\"url\":\"https:\/\/secure.gravatar.com\/avatar\/86dc16766a32aff098b9a6bbf2c3abc20295153deca1d27fcb371d8273fb9f5d?s=96&d=mm&r=g\",\"contentUrl\":\"https:\/\/secure.gravatar.com\/avatar\/86dc16766a32aff098b9a6bbf2c3abc20295153deca1d27fcb371d8273fb9f5d?s=96&d=mm&r=g\",\"caption\":\"Janez Marolt\"},\"logo\":{\"@id\":\"https:\/\/marolt-photography.com\/#\/schema\/person\/image\/\"},\"sameAs\":[\"https:\/\/marolt-photography.com\/\",\"https:\/\/www.facebook.com\/janez.fotograf\",\"https:\/\/www.instagram.com\/janezmarolt\/\"],\"url\":\"https:\/\/marolt-photography.com\/en\/author\/admin\/\"}]}<\/script>\n<!-- \/ Yoast SEO Premium plugin. -->","yoast_head_json":{"title":"Fotografije pohi\u0161tva &#8211; Janez Marolt - Photography","description":"Jeklen obe\u0161alnik s predali, mizici in lu\u010di, ki jih je oblikoval arhitelt Toma\u017e \u010celigoj. Fotografije: Janez Marolt","robots":{"index":"index","follow":"follow","max-snippet":"max-snippet:-1","max-image-preview":"max-image-preview:large","max-video-preview":"max-video-preview:-1"},"canonical":"https:\/\/marolt-photography.com\/en\/fotografije-pohistva\/","og_locale":"en_GB","og_type":"article","og_title":"Fotografije pohi\u0161tva","og_description":"Jeklen obe\u0161alnik s predali, mizici in lu\u010di, ki jih je oblikoval arhitelt Toma\u017e \u010celigoj. Fotografije: Janez Marolt","og_url":"https:\/\/marolt-photography.com\/en\/fotografije-pohistva\/","og_site_name":"Janez Marolt - Photography","article_publisher":"https:\/\/www.facebook.com\/janez.fotograf","article_author":"https:\/\/www.facebook.com\/janez.fotograf","article_published_time":"2017-01-26T12:44:25+00:00","article_modified_time":"2019-05-03T15:16:41+00:00","og_image":[{"url":"http:\/\/marolt-photography.com\/wp-content\/uploads\/2017\/01\/Tomaz_Celigoj_pohistvo_foto_J_Marolt_DSC0940.jpg","type":"","width":"","height":""}],"author":"Janez Marolt","twitter_misc":{"Written by":"Janez Marolt"},"schema":{"@context":"https:\/\/schema.org","@graph":[{"@type":"Article","@id":"https:\/\/marolt-photography.com\/en\/fotografije-pohistva\/#article","isPartOf":{"@id":"https:\/\/marolt-photography.com\/en\/fotografije-pohistva\/"},"author":{"name":"Janez Marolt","@id":"https:\/\/marolt-photography.com\/#\/schema\/person\/629b997fdc2e80e5556f662e3e1ed326"},"headline":"Fotografije pohi\u0161tva","datePublished":"2017-01-26T12:44:25+00:00","dateModified":"2019-05-03T15:16:41+00:00","mainEntityOfPage":{"@id":"https:\/\/marolt-photography.com\/en\/fotografije-pohistva\/"},"wordCount":50,"publisher":{"@id":"https:\/\/marolt-photography.com\/#\/schema\/person\/629b997fdc2e80e5556f662e3e1ed326"},"image":{"@id":"https:\/\/marolt-photography.com\/en\/fotografije-pohistva\/#primaryimage"},"thumbnailUrl":"http:\/\/marolt-photography.com\/wp-content\/uploads\/2017\/01\/Tomaz_Celigoj_pohistvo_foto_J_Marolt_DSC0940.jpg","articleSection":["Arhitekturna fotografija","Fotografija izdelkov","Profesionalna fotografija","Professional Photography"],"inLanguage":"en-GB"},{"@type":"WebPage","@id":"https:\/\/marolt-photography.com\/en\/fotografije-pohistva\/","url":"https:\/\/marolt-photography.com\/en\/fotografije-pohistva\/","name":"Fotografije pohi\u0161tva &#8211; Janez Marolt - Photography","isPartOf":{"@id":"https:\/\/marolt-photography.com\/#website"},"primaryImageOfPage":{"@id":"https:\/\/marolt-photography.com\/en\/fotografije-pohistva\/#primaryimage"},"image":{"@id":"https:\/\/marolt-photography.com\/en\/fotografije-pohistva\/#primaryimage"},"thumbnailUrl":"http:\/\/marolt-photography.com\/wp-content\/uploads\/2017\/01\/Tomaz_Celigoj_pohistvo_foto_J_Marolt_DSC0940.jpg","datePublished":"2017-01-26T12:44:25+00:00","dateModified":"2019-05-03T15:16:41+00:00","description":"Jeklen obe\u0161alnik s predali, mizici in lu\u010di, ki jih je oblikoval arhitelt Toma\u017e \u010celigoj. Fotografije: Janez Marolt","inLanguage":"en-GB","potentialAction":[{"@type":"ReadAction","target":["https:\/\/marolt-photography.com\/en\/fotografije-pohistva\/"]}]},{"@type":"ImageObject","inLanguage":"en-GB","@id":"https:\/\/marolt-photography.com\/en\/fotografije-pohistva\/#primaryimage","url":"http:\/\/marolt-photography.com\/wp-content\/uploads\/2017\/01\/Tomaz_Celigoj_pohistvo_foto_J_Marolt_DSC0940.jpg","contentUrl":"http:\/\/marolt-photography.com\/wp-content\/uploads\/2017\/01\/Tomaz_Celigoj_pohistvo_foto_J_Marolt_DSC0940.jpg"},{"@type":"WebSite","@id":"https:\/\/marolt-photography.com\/#website","url":"https:\/\/marolt-photography.com\/","name":"Janez Marolt - Photography","description":"Proefssional photography","publisher":{"@id":"https:\/\/marolt-photography.com\/#\/schema\/person\/629b997fdc2e80e5556f662e3e1ed326"},"potentialAction":[{"@type":"SearchAction","target":{"@type":"EntryPoint","urlTemplate":"https:\/\/marolt-photography.com\/?s={search_term_string}"},"query-input":{"@type":"PropertyValueSpecification","valueRequired":true,"valueName":"search_term_string"}}],"inLanguage":"en-GB"},{"@type":["Person","Organization"],"@id":"https:\/\/marolt-photography.com\/#\/schema\/person\/629b997fdc2e80e5556f662e3e1ed326","name":"Janez Marolt - professional photographer based in Ljubljana, Slovenia","image":{"@type":"ImageObject","inLanguage":"en-GB","@id":"https:\/\/marolt-photography.com\/#\/schema\/person\/image\/","url":"https:\/\/secure.gravatar.com\/avatar\/86dc16766a32aff098b9a6bbf2c3abc20295153deca1d27fcb371d8273fb9f5d?s=96&d=mm&r=g","contentUrl":"https:\/\/secure.gravatar.com\/avatar\/86dc16766a32aff098b9a6bbf2c3abc20295153deca1d27fcb371d8273fb9f5d?s=96&d=mm&r=g","caption":"Janez Marolt"},"logo":{"@id":"https:\/\/marolt-photography.com\/#\/schema\/person\/image\/"},"sameAs":["https:\/\/marolt-photography.com\/","https:\/\/www.facebook.com\/janez.fotograf","https:\/\/www.instagram.com\/janezmarolt\/"],"url":"https:\/\/marolt-photography.com\/en\/author\/admin\/"}]}},"_links":{"self":[{"href":"https:\/\/marolt-photography.com\/en\/wp-json\/wp\/v2\/posts\/2364","targetHints":{"allow":["GET"]}}],"collection":[{"href":"https:\/\/marolt-photography.com\/en\/wp-json\/wp\/v2\/posts"}],"about":[{"href":"https:\/\/marolt-photography.com\/en\/wp-json\/wp\/v2\/types\/post"}],"author":[{"embeddable":true,"href":"https:\/\/marolt-photography.com\/en\/wp-json\/wp\/v2\/users\/1"}],"replies":[{"embeddable":true,"href":"https:\/\/marolt-photography.com\/en\/wp-json\/wp\/v2\/comments?post=2364"}],"version-history":[{"count":6,"href":"https:\/\/marolt-photography.com\/en\/wp-json\/wp\/v2\/posts\/2364\/revisions"}],"predecessor-version":[{"id":3350,"href":"https:\/\/marolt-photography.com\/en\/wp-json\/wp\/v2\/posts\/2364\/revisions\/3350"}],"wp:attachment":[{"href":"https:\/\/marolt-photography.com\/en\/wp-json\/wp\/v2\/media?parent=2364"}],"wp:term":[{"taxonomy":"category","embeddable":true,"href":"https:\/\/marolt-photography.com\/en\/wp-json\/wp\/v2\/categories?post=2364"},{"taxonomy":"post_tag","embeddable":true,"href":"https:\/\/marolt-photography.com\/en\/wp-json\/wp\/v2\/tags?post=2364"}],"curies":[{"name":"wp","href":"https:\/\/api.w.org\/{rel}","templated":true}]}}