{"id":2477,"date":"2017-02-08T12:26:28","date_gmt":"2017-02-08T12:26:28","guid":{"rendered":"http:\/\/marolt-photography.com\/?p=2477"},"modified":"2017-02-08T12:34:45","modified_gmt":"2017-02-08T12:34:45","slug":"lidl-slovenija-interier-demsar-arhitekti","status":"publish","type":"post","link":"https:\/\/marolt-photography.com\/en\/lidl-slovenija-interier-demsar-arhitekti\/","title":{"rendered":"Lidl Slovenija &#8211; interier &#8211; Dem\u0161ar arhitekti"},"content":{"rendered":"<p><img loading=\"lazy\" decoding=\"async\" class=\"alignnone size-full wp-image-2467\" src=\"http:\/\/marolt-photography.com\/wp-content\/uploads\/2017\/02\/Demsar_arhitekti_interier_Lidl_foto_Janez_Marolt_DSC2191.jpg\" alt=\"\" width=\"902\" height=\"619\" srcset=\"https:\/\/marolt-photography.com\/wp-content\/uploads\/2017\/02\/Demsar_arhitekti_interier_Lidl_foto_Janez_Marolt_DSC2191.jpg 902w, https:\/\/marolt-photography.com\/wp-content\/uploads\/2017\/02\/Demsar_arhitekti_interier_Lidl_foto_Janez_Marolt_DSC2191-300x206.jpg 300w, https:\/\/marolt-photography.com\/wp-content\/uploads\/2017\/02\/Demsar_arhitekti_interier_Lidl_foto_Janez_Marolt_DSC2191-768x527.jpg 768w\" sizes=\"auto, (max-width: 902px) 100vw, 902px\" \/>Interier Lidl Slovenija so zasnovali <a href=\"http:\/\/www.demsar-arhitekti.si\/\" target=\"_blank\">Dem\u0161ar arhitekti<\/a>. Arhitekturna fotografija : Janez Marolt<img loading=\"lazy\" decoding=\"async\" class=\"alignnone size-full wp-image-2474\" src=\"http:\/\/marolt-photography.com\/wp-content\/uploads\/2017\/02\/Demsar_arhitekti_interier_Lidl_foto_Janez_Marolt_DSC2330.jpg\" alt=\"\" width=\"902\" height=\"602\" srcset=\"https:\/\/marolt-photography.com\/wp-content\/uploads\/2017\/02\/Demsar_arhitekti_interier_Lidl_foto_Janez_Marolt_DSC2330.jpg 902w, https:\/\/marolt-photography.com\/wp-content\/uploads\/2017\/02\/Demsar_arhitekti_interier_Lidl_foto_Janez_Marolt_DSC2330-300x200.jpg 300w, https:\/\/marolt-photography.com\/wp-content\/uploads\/2017\/02\/Demsar_arhitekti_interier_Lidl_foto_Janez_Marolt_DSC2330-768x513.jpg 768w\" sizes=\"auto, (max-width: 902px) 100vw, 902px\" \/><img loading=\"lazy\" decoding=\"async\" class=\"alignnone size-full wp-image-2475\" src=\"http:\/\/marolt-photography.com\/wp-content\/uploads\/2017\/02\/Demsar_arhitekti_interier_Lidl_foto_Janez_Marolt_DSC2339.jpg\" alt=\"\" width=\"902\" height=\"602\" srcset=\"https:\/\/marolt-photography.com\/wp-content\/uploads\/2017\/02\/Demsar_arhitekti_interier_Lidl_foto_Janez_Marolt_DSC2339.jpg 902w, https:\/\/marolt-photography.com\/wp-content\/uploads\/2017\/02\/Demsar_arhitekti_interier_Lidl_foto_Janez_Marolt_DSC2339-300x200.jpg 300w, https:\/\/marolt-photography.com\/wp-content\/uploads\/2017\/02\/Demsar_arhitekti_interier_Lidl_foto_Janez_Marolt_DSC2339-768x513.jpg 768w\" sizes=\"auto, (max-width: 902px) 100vw, 902px\" \/><img loading=\"lazy\" decoding=\"async\" class=\"alignnone size-full wp-image-2473\" src=\"http:\/\/marolt-photography.com\/wp-content\/uploads\/2017\/02\/Demsar_arhitekti_interier_Lidl_foto_Janez_Marolt_DSC2323.jpg\" alt=\"\" width=\"902\" height=\"500\" srcset=\"https:\/\/marolt-photography.com\/wp-content\/uploads\/2017\/02\/Demsar_arhitekti_interier_Lidl_foto_Janez_Marolt_DSC2323.jpg 902w, https:\/\/marolt-photography.com\/wp-content\/uploads\/2017\/02\/Demsar_arhitekti_interier_Lidl_foto_Janez_Marolt_DSC2323-300x166.jpg 300w, https:\/\/marolt-photography.com\/wp-content\/uploads\/2017\/02\/Demsar_arhitekti_interier_Lidl_foto_Janez_Marolt_DSC2323-768x426.jpg 768w\" sizes=\"auto, (max-width: 902px) 100vw, 902px\" \/><img loading=\"lazy\" decoding=\"async\" class=\"alignnone size-full wp-image-2471\" src=\"http:\/\/marolt-photography.com\/wp-content\/uploads\/2017\/02\/Demsar_arhitekti_interier_Lidl_foto_Janez_Marolt_DSC2299.jpg\" alt=\"\" width=\"902\" height=\"602\" srcset=\"https:\/\/marolt-photography.com\/wp-content\/uploads\/2017\/02\/Demsar_arhitekti_interier_Lidl_foto_Janez_Marolt_DSC2299.jpg 902w, https:\/\/marolt-photography.com\/wp-content\/uploads\/2017\/02\/Demsar_arhitekti_interier_Lidl_foto_Janez_Marolt_DSC2299-300x200.jpg 300w, https:\/\/marolt-photography.com\/wp-content\/uploads\/2017\/02\/Demsar_arhitekti_interier_Lidl_foto_Janez_Marolt_DSC2299-768x513.jpg 768w\" sizes=\"auto, (max-width: 902px) 100vw, 902px\" \/><img loading=\"lazy\" decoding=\"async\" class=\"alignnone size-full wp-image-2476\" src=\"http:\/\/marolt-photography.com\/wp-content\/uploads\/2017\/02\/Demsar_arhitekti_interier_Lidl_foto_Janez_Marolt_DSC2351.jpg\" alt=\"\" width=\"902\" height=\"602\" srcset=\"https:\/\/marolt-photography.com\/wp-content\/uploads\/2017\/02\/Demsar_arhitekti_interier_Lidl_foto_Janez_Marolt_DSC2351.jpg 902w, https:\/\/marolt-photography.com\/wp-content\/uploads\/2017\/02\/Demsar_arhitekti_interier_Lidl_foto_Janez_Marolt_DSC2351-300x200.jpg 300w, https:\/\/marolt-photography.com\/wp-content\/uploads\/2017\/02\/Demsar_arhitekti_interier_Lidl_foto_Janez_Marolt_DSC2351-768x513.jpg 768w\" sizes=\"auto, (max-width: 902px) 100vw, 902px\" \/> <img loading=\"lazy\" decoding=\"async\" class=\"alignnone size-full wp-image-2472\" src=\"http:\/\/marolt-photography.com\/wp-content\/uploads\/2017\/02\/Demsar_arhitekti_interier_Lidl_foto_Janez_Marolt_DSC2306.jpg\" alt=\"\" width=\"902\" height=\"602\" srcset=\"https:\/\/marolt-photography.com\/wp-content\/uploads\/2017\/02\/Demsar_arhitekti_interier_Lidl_foto_Janez_Marolt_DSC2306.jpg 902w, https:\/\/marolt-photography.com\/wp-content\/uploads\/2017\/02\/Demsar_arhitekti_interier_Lidl_foto_Janez_Marolt_DSC2306-300x200.jpg 300w, https:\/\/marolt-photography.com\/wp-content\/uploads\/2017\/02\/Demsar_arhitekti_interier_Lidl_foto_Janez_Marolt_DSC2306-768x513.jpg 768w\" sizes=\"auto, (max-width: 902px) 100vw, 902px\" \/><img loading=\"lazy\" decoding=\"async\" class=\"alignnone size-full wp-image-2470\" src=\"http:\/\/marolt-photography.com\/wp-content\/uploads\/2017\/02\/Demsar_arhitekti_interier_Lidl_foto_Janez_Marolt_DSC2254.jpg\" alt=\"\" width=\"902\" height=\"602\" srcset=\"https:\/\/marolt-photography.com\/wp-content\/uploads\/2017\/02\/Demsar_arhitekti_interier_Lidl_foto_Janez_Marolt_DSC2254.jpg 902w, https:\/\/marolt-photography.com\/wp-content\/uploads\/2017\/02\/Demsar_arhitekti_interier_Lidl_foto_Janez_Marolt_DSC2254-300x200.jpg 300w, https:\/\/marolt-photography.com\/wp-content\/uploads\/2017\/02\/Demsar_arhitekti_interier_Lidl_foto_Janez_Marolt_DSC2254-768x513.jpg 768w\" sizes=\"auto, (max-width: 902px) 100vw, 902px\" \/> <img loading=\"lazy\" decoding=\"async\" class=\"alignnone size-full wp-image-2469\" src=\"http:\/\/marolt-photography.com\/wp-content\/uploads\/2017\/02\/Demsar_arhitekti_interier_Lidl_foto_Janez_Marolt_DSC2231.jpg\" alt=\"\" width=\"902\" height=\"902\" srcset=\"https:\/\/marolt-photography.com\/wp-content\/uploads\/2017\/02\/Demsar_arhitekti_interier_Lidl_foto_Janez_Marolt_DSC2231.jpg 902w, https:\/\/marolt-photography.com\/wp-content\/uploads\/2017\/02\/Demsar_arhitekti_interier_Lidl_foto_Janez_Marolt_DSC2231-150x150.jpg 150w, https:\/\/marolt-photography.com\/wp-content\/uploads\/2017\/02\/Demsar_arhitekti_interier_Lidl_foto_Janez_Marolt_DSC2231-300x300.jpg 300w, https:\/\/marolt-photography.com\/wp-content\/uploads\/2017\/02\/Demsar_arhitekti_interier_Lidl_foto_Janez_Marolt_DSC2231-768x768.jpg 768w\" sizes=\"auto, (max-width: 902px) 100vw, 902px\" \/> <img loading=\"lazy\" decoding=\"async\" class=\"alignnone size-full wp-image-2468\" src=\"http:\/\/marolt-photography.com\/wp-content\/uploads\/2017\/02\/Demsar_arhitekti_interier_Lidl_foto_Janez_Marolt_DSC2223.jpg\" alt=\"\" width=\"902\" height=\"602\" srcset=\"https:\/\/marolt-photography.com\/wp-content\/uploads\/2017\/02\/Demsar_arhitekti_interier_Lidl_foto_Janez_Marolt_DSC2223.jpg 902w, https:\/\/marolt-photography.com\/wp-content\/uploads\/2017\/02\/Demsar_arhitekti_interier_Lidl_foto_Janez_Marolt_DSC2223-300x200.jpg 300w, https:\/\/marolt-photography.com\/wp-content\/uploads\/2017\/02\/Demsar_arhitekti_interier_Lidl_foto_Janez_Marolt_DSC2223-768x513.jpg 768w\" sizes=\"auto, (max-width: 902px) 100vw, 902px\" \/>Ve\u010d o arhitekturni fotografiji lahko najdete na strani &#8220;<a href=\"http:\/\/marolt-photography.com\/en\/arhitekturna-fotografija-predstavitev-ambientov\/\" target=\"_blank\">Architectural photography<\/a>&#8220;.<\/p>","protected":false},"excerpt":{"rendered":"<p>Interier Lidl Slovenija so zasnovali Dem\u0161ar arhitekti. Arhitekturna fotografija : Janez Marolt Ve\u010d o arhitekturni fotografiji lahko najdete na strani &#8220;Arhitekturna fotografija&#8220;.<\/p>","protected":false},"author":1,"featured_media":0,"comment_status":"open","ping_status":"open","sticky":false,"template":"","format":"standard","meta":{"footnotes":""},"categories":[3,17,1],"tags":[],"class_list":["post-2477","post","type-post","status-publish","format-standard","hentry","category-arhitekturna_fotografija","category-profesionalna_fotografija","category-professional_photography","content-columns-1"],"yoast_head":"<!-- This site is optimized with the Yoast SEO Premium plugin v27.1 (Yoast SEO v27.1.1) - https:\/\/yoast.com\/product\/yoast-seo-premium-wordpress\/ -->\n<title>Lidl Slovenija - interier - Dem\u0161ar arhitekti &#8211; Janez Marolt - Photography<\/title>\n<meta name=\"robots\" content=\"index, follow, max-snippet:-1, max-image-preview:large, max-video-preview:-1\" \/>\n<link rel=\"canonical\" href=\"https:\/\/marolt-photography.com\/en\/lidl-slovenija-interier-demsar-arhitekti\/\" \/>\n<meta property=\"og:locale\" content=\"en_GB\" \/>\n<meta property=\"og:type\" content=\"article\" \/>\n<meta property=\"og:title\" content=\"Lidl Slovenija - interier - Dem\u0161ar arhitekti\" \/>\n<meta property=\"og:description\" content=\"Interier Lidl Slovenija so zasnovali Dem\u0161ar arhitekti. Arhitekturna fotografija : Janez Marolt Ve\u010d o arhitekturni fotografiji lahko najdete na strani &#8220;Arhitekturna fotografija&#8220;.\" \/>\n<meta property=\"og:url\" content=\"https:\/\/marolt-photography.com\/en\/lidl-slovenija-interier-demsar-arhitekti\/\" \/>\n<meta property=\"og:site_name\" content=\"Janez Marolt - Photography\" \/>\n<meta property=\"article:publisher\" content=\"https:\/\/www.facebook.com\/janez.fotograf\" \/>\n<meta property=\"article:author\" content=\"https:\/\/www.facebook.com\/janez.fotograf\" \/>\n<meta property=\"article:published_time\" content=\"2017-02-08T12:26:28+00:00\" \/>\n<meta property=\"article:modified_time\" content=\"2017-02-08T12:34:45+00:00\" \/>\n<meta property=\"og:image\" content=\"http:\/\/marolt-photography.com\/wp-content\/uploads\/2017\/02\/Demsar_arhitekti_interier_Lidl_foto_Janez_Marolt_DSC2191.jpg\" \/>\n<meta name=\"author\" content=\"Janez Marolt\" \/>\n<meta name=\"twitter:label1\" content=\"Written by\" \/>\n\t<meta name=\"twitter:data1\" content=\"Janez Marolt\" \/>\n<script type=\"application\/ld+json\" class=\"yoast-schema-graph\">{\"@context\":\"https:\/\/schema.org\",\"@graph\":[{\"@type\":\"Article\",\"@id\":\"https:\/\/marolt-photography.com\/lidl-slovenija-interier-demsar-arhitekti\/#article\",\"isPartOf\":{\"@id\":\"https:\/\/marolt-photography.com\/lidl-slovenija-interier-demsar-arhitekti\/\"},\"author\":{\"name\":\"Janez Marolt\",\"@id\":\"https:\/\/marolt-photography.com\/#\/schema\/person\/629b997fdc2e80e5556f662e3e1ed326\"},\"headline\":\"Lidl Slovenija &#8211; interier &#8211; Dem\u0161ar arhitekti\",\"datePublished\":\"2017-02-08T12:26:28+00:00\",\"dateModified\":\"2017-02-08T12:34:45+00:00\",\"mainEntityOfPage\":{\"@id\":\"https:\/\/marolt-photography.com\/lidl-slovenija-interier-demsar-arhitekti\/\"},\"wordCount\":30,\"commentCount\":0,\"publisher\":{\"@id\":\"https:\/\/marolt-photography.com\/#\/schema\/person\/629b997fdc2e80e5556f662e3e1ed326\"},\"image\":{\"@id\":\"https:\/\/marolt-photography.com\/lidl-slovenija-interier-demsar-arhitekti\/#primaryimage\"},\"thumbnailUrl\":\"http:\/\/marolt-photography.com\/wp-content\/uploads\/2017\/02\/Demsar_arhitekti_interier_Lidl_foto_Janez_Marolt_DSC2191.jpg\",\"articleSection\":[\"Arhitekturna fotografija\",\"Profesionalna fotografija\",\"Professional Photography\"],\"inLanguage\":\"en-GB\",\"potentialAction\":[{\"@type\":\"CommentAction\",\"name\":\"Comment\",\"target\":[\"https:\/\/marolt-photography.com\/lidl-slovenija-interier-demsar-arhitekti\/#respond\"]}]},{\"@type\":\"WebPage\",\"@id\":\"https:\/\/marolt-photography.com\/lidl-slovenija-interier-demsar-arhitekti\/\",\"url\":\"https:\/\/marolt-photography.com\/lidl-slovenija-interier-demsar-arhitekti\/\",\"name\":\"Lidl Slovenija - interier - Dem\u0161ar arhitekti &#8211; Janez Marolt - Photography\",\"isPartOf\":{\"@id\":\"https:\/\/marolt-photography.com\/#website\"},\"primaryImageOfPage\":{\"@id\":\"https:\/\/marolt-photography.com\/lidl-slovenija-interier-demsar-arhitekti\/#primaryimage\"},\"image\":{\"@id\":\"https:\/\/marolt-photography.com\/lidl-slovenija-interier-demsar-arhitekti\/#primaryimage\"},\"thumbnailUrl\":\"http:\/\/marolt-photography.com\/wp-content\/uploads\/2017\/02\/Demsar_arhitekti_interier_Lidl_foto_Janez_Marolt_DSC2191.jpg\",\"datePublished\":\"2017-02-08T12:26:28+00:00\",\"dateModified\":\"2017-02-08T12:34:45+00:00\",\"inLanguage\":\"en-GB\",\"potentialAction\":[{\"@type\":\"ReadAction\",\"target\":[\"https:\/\/marolt-photography.com\/lidl-slovenija-interier-demsar-arhitekti\/\"]}]},{\"@type\":\"ImageObject\",\"inLanguage\":\"en-GB\",\"@id\":\"https:\/\/marolt-photography.com\/lidl-slovenija-interier-demsar-arhitekti\/#primaryimage\",\"url\":\"http:\/\/marolt-photography.com\/wp-content\/uploads\/2017\/02\/Demsar_arhitekti_interier_Lidl_foto_Janez_Marolt_DSC2191.jpg\",\"contentUrl\":\"http:\/\/marolt-photography.com\/wp-content\/uploads\/2017\/02\/Demsar_arhitekti_interier_Lidl_foto_Janez_Marolt_DSC2191.jpg\"},{\"@type\":\"WebSite\",\"@id\":\"https:\/\/marolt-photography.com\/#website\",\"url\":\"https:\/\/marolt-photography.com\/\",\"name\":\"Janez Marolt - Photography\",\"description\":\"Profesionalna fotografija\",\"publisher\":{\"@id\":\"https:\/\/marolt-photography.com\/#\/schema\/person\/629b997fdc2e80e5556f662e3e1ed326\"},\"potentialAction\":[{\"@type\":\"SearchAction\",\"target\":{\"@type\":\"EntryPoint\",\"urlTemplate\":\"https:\/\/marolt-photography.com\/?s={search_term_string}\"},\"query-input\":{\"@type\":\"PropertyValueSpecification\",\"valueRequired\":true,\"valueName\":\"search_term_string\"}}],\"inLanguage\":\"en-GB\"},{\"@type\":[\"Person\",\"Organization\"],\"@id\":\"https:\/\/marolt-photography.com\/#\/schema\/person\/629b997fdc2e80e5556f662e3e1ed326\",\"name\":\"Janez Marolt\",\"image\":{\"@type\":\"ImageObject\",\"inLanguage\":\"en-GB\",\"@id\":\"https:\/\/marolt-photography.com\/#\/schema\/person\/image\/\",\"url\":\"https:\/\/secure.gravatar.com\/avatar\/86dc16766a32aff098b9a6bbf2c3abc20295153deca1d27fcb371d8273fb9f5d?s=96&d=mm&r=g\",\"contentUrl\":\"https:\/\/secure.gravatar.com\/avatar\/86dc16766a32aff098b9a6bbf2c3abc20295153deca1d27fcb371d8273fb9f5d?s=96&d=mm&r=g\",\"caption\":\"Janez Marolt\"},\"logo\":{\"@id\":\"https:\/\/marolt-photography.com\/#\/schema\/person\/image\/\"},\"sameAs\":[\"https:\/\/marolt-photography.com\/\",\"https:\/\/www.facebook.com\/janez.fotograf\",\"https:\/\/www.instagram.com\/janezmarolt\/\"],\"url\":\"https:\/\/marolt-photography.com\/en\/author\/admin\/\"}]}<\/script>\n<!-- \/ Yoast SEO Premium plugin. -->","yoast_head_json":{"title":"Lidl Slovenija - interier - Dem\u0161ar arhitekti &#8211; Janez Marolt - Photography","robots":{"index":"index","follow":"follow","max-snippet":"max-snippet:-1","max-image-preview":"max-image-preview:large","max-video-preview":"max-video-preview:-1"},"canonical":"https:\/\/marolt-photography.com\/en\/lidl-slovenija-interier-demsar-arhitekti\/","og_locale":"en_GB","og_type":"article","og_title":"Lidl Slovenija - interier - Dem\u0161ar arhitekti","og_description":"Interier Lidl Slovenija so zasnovali Dem\u0161ar arhitekti. Arhitekturna fotografija : Janez Marolt Ve\u010d o arhitekturni fotografiji lahko najdete na strani &#8220;Arhitekturna fotografija&#8220;.","og_url":"https:\/\/marolt-photography.com\/en\/lidl-slovenija-interier-demsar-arhitekti\/","og_site_name":"Janez Marolt - Photography","article_publisher":"https:\/\/www.facebook.com\/janez.fotograf","article_author":"https:\/\/www.facebook.com\/janez.fotograf","article_published_time":"2017-02-08T12:26:28+00:00","article_modified_time":"2017-02-08T12:34:45+00:00","og_image":[{"url":"http:\/\/marolt-photography.com\/wp-content\/uploads\/2017\/02\/Demsar_arhitekti_interier_Lidl_foto_Janez_Marolt_DSC2191.jpg","type":"","width":"","height":""}],"author":"Janez Marolt","twitter_misc":{"Written by":"Janez Marolt"},"schema":{"@context":"https:\/\/schema.org","@graph":[{"@type":"Article","@id":"https:\/\/marolt-photography.com\/lidl-slovenija-interier-demsar-arhitekti\/#article","isPartOf":{"@id":"https:\/\/marolt-photography.com\/lidl-slovenija-interier-demsar-arhitekti\/"},"author":{"name":"Janez Marolt","@id":"https:\/\/marolt-photography.com\/#\/schema\/person\/629b997fdc2e80e5556f662e3e1ed326"},"headline":"Lidl Slovenija &#8211; interier &#8211; Dem\u0161ar arhitekti","datePublished":"2017-02-08T12:26:28+00:00","dateModified":"2017-02-08T12:34:45+00:00","mainEntityOfPage":{"@id":"https:\/\/marolt-photography.com\/lidl-slovenija-interier-demsar-arhitekti\/"},"wordCount":30,"commentCount":0,"publisher":{"@id":"https:\/\/marolt-photography.com\/#\/schema\/person\/629b997fdc2e80e5556f662e3e1ed326"},"image":{"@id":"https:\/\/marolt-photography.com\/lidl-slovenija-interier-demsar-arhitekti\/#primaryimage"},"thumbnailUrl":"http:\/\/marolt-photography.com\/wp-content\/uploads\/2017\/02\/Demsar_arhitekti_interier_Lidl_foto_Janez_Marolt_DSC2191.jpg","articleSection":["Arhitekturna fotografija","Profesionalna fotografija","Professional Photography"],"inLanguage":"en-GB","potentialAction":[{"@type":"CommentAction","name":"Comment","target":["https:\/\/marolt-photography.com\/lidl-slovenija-interier-demsar-arhitekti\/#respond"]}]},{"@type":"WebPage","@id":"https:\/\/marolt-photography.com\/lidl-slovenija-interier-demsar-arhitekti\/","url":"https:\/\/marolt-photography.com\/lidl-slovenija-interier-demsar-arhitekti\/","name":"Lidl Slovenija - interier - Dem\u0161ar arhitekti &#8211; Janez Marolt - Photography","isPartOf":{"@id":"https:\/\/marolt-photography.com\/#website"},"primaryImageOfPage":{"@id":"https:\/\/marolt-photography.com\/lidl-slovenija-interier-demsar-arhitekti\/#primaryimage"},"image":{"@id":"https:\/\/marolt-photography.com\/lidl-slovenija-interier-demsar-arhitekti\/#primaryimage"},"thumbnailUrl":"http:\/\/marolt-photography.com\/wp-content\/uploads\/2017\/02\/Demsar_arhitekti_interier_Lidl_foto_Janez_Marolt_DSC2191.jpg","datePublished":"2017-02-08T12:26:28+00:00","dateModified":"2017-02-08T12:34:45+00:00","inLanguage":"en-GB","potentialAction":[{"@type":"ReadAction","target":["https:\/\/marolt-photography.com\/lidl-slovenija-interier-demsar-arhitekti\/"]}]},{"@type":"ImageObject","inLanguage":"en-GB","@id":"https:\/\/marolt-photography.com\/lidl-slovenija-interier-demsar-arhitekti\/#primaryimage","url":"http:\/\/marolt-photography.com\/wp-content\/uploads\/2017\/02\/Demsar_arhitekti_interier_Lidl_foto_Janez_Marolt_DSC2191.jpg","contentUrl":"http:\/\/marolt-photography.com\/wp-content\/uploads\/2017\/02\/Demsar_arhitekti_interier_Lidl_foto_Janez_Marolt_DSC2191.jpg"},{"@type":"WebSite","@id":"https:\/\/marolt-photography.com\/#website","url":"https:\/\/marolt-photography.com\/","name":"Janez Marolt - Photography","description":"Proefssional photography","publisher":{"@id":"https:\/\/marolt-photography.com\/#\/schema\/person\/629b997fdc2e80e5556f662e3e1ed326"},"potentialAction":[{"@type":"SearchAction","target":{"@type":"EntryPoint","urlTemplate":"https:\/\/marolt-photography.com\/?s={search_term_string}"},"query-input":{"@type":"PropertyValueSpecification","valueRequired":true,"valueName":"search_term_string"}}],"inLanguage":"en-GB"},{"@type":["Person","Organization"],"@id":"https:\/\/marolt-photography.com\/#\/schema\/person\/629b997fdc2e80e5556f662e3e1ed326","name":"Janez Marolt - professional photographer based in Ljubljana, Slovenia","image":{"@type":"ImageObject","inLanguage":"en-GB","@id":"https:\/\/marolt-photography.com\/#\/schema\/person\/image\/","url":"https:\/\/secure.gravatar.com\/avatar\/86dc16766a32aff098b9a6bbf2c3abc20295153deca1d27fcb371d8273fb9f5d?s=96&d=mm&r=g","contentUrl":"https:\/\/secure.gravatar.com\/avatar\/86dc16766a32aff098b9a6bbf2c3abc20295153deca1d27fcb371d8273fb9f5d?s=96&d=mm&r=g","caption":"Janez Marolt"},"logo":{"@id":"https:\/\/marolt-photography.com\/#\/schema\/person\/image\/"},"sameAs":["https:\/\/marolt-photography.com\/","https:\/\/www.facebook.com\/janez.fotograf","https:\/\/www.instagram.com\/janezmarolt\/"],"url":"https:\/\/marolt-photography.com\/en\/author\/admin\/"}]}},"_links":{"self":[{"href":"https:\/\/marolt-photography.com\/en\/wp-json\/wp\/v2\/posts\/2477","targetHints":{"allow":["GET"]}}],"collection":[{"href":"https:\/\/marolt-photography.com\/en\/wp-json\/wp\/v2\/posts"}],"about":[{"href":"https:\/\/marolt-photography.com\/en\/wp-json\/wp\/v2\/types\/post"}],"author":[{"embeddable":true,"href":"https:\/\/marolt-photography.com\/en\/wp-json\/wp\/v2\/users\/1"}],"replies":[{"embeddable":true,"href":"https:\/\/marolt-photography.com\/en\/wp-json\/wp\/v2\/comments?post=2477"}],"version-history":[{"count":3,"href":"https:\/\/marolt-photography.com\/en\/wp-json\/wp\/v2\/posts\/2477\/revisions"}],"predecessor-version":[{"id":2482,"href":"https:\/\/marolt-photography.com\/en\/wp-json\/wp\/v2\/posts\/2477\/revisions\/2482"}],"wp:attachment":[{"href":"https:\/\/marolt-photography.com\/en\/wp-json\/wp\/v2\/media?parent=2477"}],"wp:term":[{"taxonomy":"category","embeddable":true,"href":"https:\/\/marolt-photography.com\/en\/wp-json\/wp\/v2\/categories?post=2477"},{"taxonomy":"post_tag","embeddable":true,"href":"https:\/\/marolt-photography.com\/en\/wp-json\/wp\/v2\/tags?post=2477"}],"curies":[{"name":"wp","href":"https:\/\/api.w.org\/{rel}","templated":true}]}}