{"id":2925,"date":"2018-02-06T14:10:42","date_gmt":"2018-02-06T14:10:42","guid":{"rendered":"https:\/\/marolt-photography.com\/?p=2925"},"modified":"2018-05-04T08:00:26","modified_gmt":"2018-05-04T08:00:26","slug":"interier-arh-tomaz-camernik","status":"publish","type":"post","link":"https:\/\/marolt-photography.com\/en\/interier-arh-tomaz-camernik\/","title":{"rendered":"Interier &#8211; arhitekt Toma\u017e \u010camernik"},"content":{"rendered":"<p><img loading=\"lazy\" decoding=\"async\" class=\"alignnone size-full wp-image-2917\" src=\"https:\/\/marolt-photography.com\/wp-content\/uploads\/2018\/02\/DSC1362_interior_Tomaz_Camernik_photo_Janez_Marolt.jpg\" alt=\"\" width=\"902\" height=\"407\" srcset=\"https:\/\/marolt-photography.com\/wp-content\/uploads\/2018\/02\/DSC1362_interior_Tomaz_Camernik_photo_Janez_Marolt.jpg 902w, https:\/\/marolt-photography.com\/wp-content\/uploads\/2018\/02\/DSC1362_interior_Tomaz_Camernik_photo_Janez_Marolt-300x135.jpg 300w, https:\/\/marolt-photography.com\/wp-content\/uploads\/2018\/02\/DSC1362_interior_Tomaz_Camernik_photo_Janez_Marolt-768x347.jpg 768w\" sizes=\"auto, (max-width: 902px) 100vw, 902px\" \/>Arhitekt Toma\u017e \u010camernik se je lotil popolne prenove interiera svojega doma na celi \u010drti. Od zasnove, do lastnoro\u010dne izvedbe. Hi\u0161a je primerno izolirana, da pe\u010d v kuhinji tudi v najhladnej\u0161ih zimskih dneh z lahkoto ogreje celo nadstropje.<\/p>\n<p><img loading=\"lazy\" decoding=\"async\" class=\"alignnone size-full wp-image-2921\" src=\"https:\/\/marolt-photography.com\/wp-content\/uploads\/2018\/02\/DSC1525_interior_Tomaz_Camernik_photo_Janez_Marolt.jpg\" alt=\"\" width=\"902\" height=\"611\" srcset=\"https:\/\/marolt-photography.com\/wp-content\/uploads\/2018\/02\/DSC1525_interior_Tomaz_Camernik_photo_Janez_Marolt.jpg 902w, https:\/\/marolt-photography.com\/wp-content\/uploads\/2018\/02\/DSC1525_interior_Tomaz_Camernik_photo_Janez_Marolt-300x203.jpg 300w, https:\/\/marolt-photography.com\/wp-content\/uploads\/2018\/02\/DSC1525_interior_Tomaz_Camernik_photo_Janez_Marolt-768x520.jpg 768w\" sizes=\"auto, (max-width: 902px) 100vw, 902px\" \/><img loading=\"lazy\" decoding=\"async\" class=\"alignnone size-full wp-image-2916\" src=\"https:\/\/marolt-photography.com\/wp-content\/uploads\/2018\/02\/DSC1349_interior_Tomaz_Camernik_photo_Janez_Marolt.jpg\" alt=\"\" width=\"902\" height=\"601\" srcset=\"https:\/\/marolt-photography.com\/wp-content\/uploads\/2018\/02\/DSC1349_interior_Tomaz_Camernik_photo_Janez_Marolt.jpg 902w, https:\/\/marolt-photography.com\/wp-content\/uploads\/2018\/02\/DSC1349_interior_Tomaz_Camernik_photo_Janez_Marolt-300x200.jpg 300w, https:\/\/marolt-photography.com\/wp-content\/uploads\/2018\/02\/DSC1349_interior_Tomaz_Camernik_photo_Janez_Marolt-768x512.jpg 768w\" sizes=\"auto, (max-width: 902px) 100vw, 902px\" \/><img loading=\"lazy\" decoding=\"async\" class=\"alignnone size-full wp-image-2922\" src=\"https:\/\/marolt-photography.com\/wp-content\/uploads\/2018\/02\/DSC1536_interior_Tomaz_Camernik_photo_Janez_Marolt.jpg\" alt=\"\" width=\"902\" height=\"601\" srcset=\"https:\/\/marolt-photography.com\/wp-content\/uploads\/2018\/02\/DSC1536_interior_Tomaz_Camernik_photo_Janez_Marolt.jpg 902w, https:\/\/marolt-photography.com\/wp-content\/uploads\/2018\/02\/DSC1536_interior_Tomaz_Camernik_photo_Janez_Marolt-300x200.jpg 300w, https:\/\/marolt-photography.com\/wp-content\/uploads\/2018\/02\/DSC1536_interior_Tomaz_Camernik_photo_Janez_Marolt-768x512.jpg 768w\" sizes=\"auto, (max-width: 902px) 100vw, 902px\" \/><img loading=\"lazy\" decoding=\"async\" class=\"alignnone size-full wp-image-2920\" src=\"https:\/\/marolt-photography.com\/wp-content\/uploads\/2018\/02\/DSC1488_interior_Tomaz_Camernik_photo_Janez_Marolt.jpg\" alt=\"\" width=\"902\" height=\"610\" srcset=\"https:\/\/marolt-photography.com\/wp-content\/uploads\/2018\/02\/DSC1488_interior_Tomaz_Camernik_photo_Janez_Marolt.jpg 902w, https:\/\/marolt-photography.com\/wp-content\/uploads\/2018\/02\/DSC1488_interior_Tomaz_Camernik_photo_Janez_Marolt-300x203.jpg 300w, https:\/\/marolt-photography.com\/wp-content\/uploads\/2018\/02\/DSC1488_interior_Tomaz_Camernik_photo_Janez_Marolt-768x519.jpg 768w\" sizes=\"auto, (max-width: 902px) 100vw, 902px\" \/> <img loading=\"lazy\" decoding=\"async\" class=\"alignnone size-full wp-image-2919\" src=\"https:\/\/marolt-photography.com\/wp-content\/uploads\/2018\/02\/DSC1450_interior_Tomaz_Camernik_photo_Janez_Marolt.jpg\" alt=\"\" width=\"902\" height=\"601\" srcset=\"https:\/\/marolt-photography.com\/wp-content\/uploads\/2018\/02\/DSC1450_interior_Tomaz_Camernik_photo_Janez_Marolt.jpg 902w, https:\/\/marolt-photography.com\/wp-content\/uploads\/2018\/02\/DSC1450_interior_Tomaz_Camernik_photo_Janez_Marolt-300x200.jpg 300w, https:\/\/marolt-photography.com\/wp-content\/uploads\/2018\/02\/DSC1450_interior_Tomaz_Camernik_photo_Janez_Marolt-768x512.jpg 768w\" sizes=\"auto, (max-width: 902px) 100vw, 902px\" \/> <img loading=\"lazy\" decoding=\"async\" class=\"alignnone size-full wp-image-2918\" src=\"https:\/\/marolt-photography.com\/wp-content\/uploads\/2018\/02\/DSC1438_interior_Tomaz_Camernik_photo_Janez_Marolt.jpg\" alt=\"\" width=\"902\" height=\"602\" srcset=\"https:\/\/marolt-photography.com\/wp-content\/uploads\/2018\/02\/DSC1438_interior_Tomaz_Camernik_photo_Janez_Marolt.jpg 902w, https:\/\/marolt-photography.com\/wp-content\/uploads\/2018\/02\/DSC1438_interior_Tomaz_Camernik_photo_Janez_Marolt-300x200.jpg 300w, https:\/\/marolt-photography.com\/wp-content\/uploads\/2018\/02\/DSC1438_interior_Tomaz_Camernik_photo_Janez_Marolt-768x513.jpg 768w\" sizes=\"auto, (max-width: 902px) 100vw, 902px\" \/> <img loading=\"lazy\" decoding=\"async\" class=\"alignnone size-full wp-image-2924\" src=\"https:\/\/marolt-photography.com\/wp-content\/uploads\/2018\/02\/wilson_the_cat_photo_Janez_Marolt_DSC1648.jpg\" alt=\"\" width=\"902\" height=\"602\" srcset=\"https:\/\/marolt-photography.com\/wp-content\/uploads\/2018\/02\/wilson_the_cat_photo_Janez_Marolt_DSC1648.jpg 902w, https:\/\/marolt-photography.com\/wp-content\/uploads\/2018\/02\/wilson_the_cat_photo_Janez_Marolt_DSC1648-300x200.jpg 300w, https:\/\/marolt-photography.com\/wp-content\/uploads\/2018\/02\/wilson_the_cat_photo_Janez_Marolt_DSC1648-768x513.jpg 768w\" sizes=\"auto, (max-width: 902px) 100vw, 902px\" \/>Tistega mrzlega dne nama je dru\u017ebo delal ma\u010dek Wilson.<\/p>\n<p><img loading=\"lazy\" decoding=\"async\" class=\"alignnone size-full wp-image-2923\" src=\"https:\/\/marolt-photography.com\/wp-content\/uploads\/2018\/02\/Arhitekt_Tomaz_Camernik_photo_Janez_Marolt.jpg\" alt=\"\" width=\"601\" height=\"902\" srcset=\"https:\/\/marolt-photography.com\/wp-content\/uploads\/2018\/02\/Arhitekt_Tomaz_Camernik_photo_Janez_Marolt.jpg 601w, https:\/\/marolt-photography.com\/wp-content\/uploads\/2018\/02\/Arhitekt_Tomaz_Camernik_photo_Janez_Marolt-200x300.jpg 200w\" sizes=\"auto, (max-width: 601px) 100vw, 601px\" \/><\/p>\n<p>Ve\u010d o arhitekturni fotografiji lahko najdete na strani \u201c<a href=\"http:\/\/marolt-photography.com\/en\/arhitekturna-fotografija-predstavitev-ambientov\/\" target=\"_blank\" rel=\"noopener\">Architectural photography<\/a>\u201c.<\/p>","protected":false},"excerpt":{"rendered":"<p>Arhitekt Toma\u017e \u010camernik se je lotil popolne prenove interiera svojega doma na celi \u010drti. Od zasnove, do lastnoro\u010dne izvedbe. Hi\u0161a je primerno izolirana, da pe\u010d v kuhinji tudi v najhladnej\u0161ih zimskih dneh z lahkoto ogreje celo nadstropje. Tistega mrzlega dne nama je dru\u017ebo delal ma\u010dek Wilson. Ve\u010d o arhitekturni fotografiji lahko najdete na strani \u201cArhitekturna [&hellip;]<\/p>\n","protected":false},"author":1,"featured_media":0,"comment_status":"closed","ping_status":"closed","sticky":false,"template":"","format":"standard","meta":{"footnotes":""},"categories":[3,17,1],"tags":[],"class_list":["post-2925","post","type-post","status-publish","format-standard","hentry","category-arhitekturna_fotografija","category-profesionalna_fotografija","category-professional_photography","content-columns-1"],"yoast_head":"<!-- This site is optimized with the Yoast SEO Premium plugin v27.1 (Yoast SEO v27.1.1) - https:\/\/yoast.com\/product\/yoast-seo-premium-wordpress\/ -->\n<title>Interier - arhitekt Toma\u017e \u010camernik<\/title>\n<meta name=\"description\" content=\"Interier doma\u010de hi\u0161e arhitekta Toma\u017ea \u010camernika, ki ga je izvedel sam, od zasnove, do fizi\u010dne izvedbe. Arhitekturna fotografija: Janez Marolt mag.in\u017e.arh.\" \/>\n<meta name=\"robots\" content=\"index, follow, max-snippet:-1, max-image-preview:large, max-video-preview:-1\" \/>\n<link rel=\"canonical\" href=\"https:\/\/marolt-photography.com\/en\/interier-arh-tomaz-camernik\/\" \/>\n<meta property=\"og:locale\" content=\"en_GB\" \/>\n<meta property=\"og:type\" content=\"article\" \/>\n<meta property=\"og:title\" content=\"Interier - arhitekt Toma\u017e \u010camernik\" \/>\n<meta property=\"og:description\" content=\"Interier doma\u010de hi\u0161e arhitekta Toma\u017ea \u010camernika, ki ga je izvedel sam, od zasnove, do fizi\u010dne izvedbe. Arhitekturna fotografija: Janez Marolt mag.in\u017e.arh.\" \/>\n<meta property=\"og:url\" content=\"https:\/\/marolt-photography.com\/en\/interier-arh-tomaz-camernik\/\" \/>\n<meta property=\"og:site_name\" content=\"Janez Marolt - Photography\" \/>\n<meta property=\"article:publisher\" content=\"https:\/\/www.facebook.com\/janez.fotograf\" \/>\n<meta property=\"article:author\" content=\"https:\/\/www.facebook.com\/janez.fotograf\" \/>\n<meta property=\"article:published_time\" content=\"2018-02-06T14:10:42+00:00\" \/>\n<meta property=\"article:modified_time\" content=\"2018-05-04T08:00:26+00:00\" \/>\n<meta property=\"og:image\" content=\"https:\/\/marolt-photography.com\/wp-content\/uploads\/2018\/02\/DSC1362_interior_Tomaz_Camernik_photo_Janez_Marolt.jpg\" \/>\n<meta name=\"author\" content=\"Janez Marolt\" \/>\n<meta name=\"twitter:label1\" content=\"Written by\" \/>\n\t<meta name=\"twitter:data1\" content=\"Janez Marolt\" \/>\n<script type=\"application\/ld+json\" class=\"yoast-schema-graph\">{\"@context\":\"https:\/\/schema.org\",\"@graph\":[{\"@type\":\"Article\",\"@id\":\"https:\/\/marolt-photography.com\/en\/interier-arh-tomaz-camernik\/#article\",\"isPartOf\":{\"@id\":\"https:\/\/marolt-photography.com\/en\/interier-arh-tomaz-camernik\/\"},\"author\":{\"name\":\"Janez Marolt\",\"@id\":\"https:\/\/marolt-photography.com\/#\/schema\/person\/629b997fdc2e80e5556f662e3e1ed326\"},\"headline\":\"Interier &#8211; arhitekt Toma\u017e \u010camernik\",\"datePublished\":\"2018-02-06T14:10:42+00:00\",\"dateModified\":\"2018-05-04T08:00:26+00:00\",\"mainEntityOfPage\":{\"@id\":\"https:\/\/marolt-photography.com\/en\/interier-arh-tomaz-camernik\/\"},\"wordCount\":66,\"publisher\":{\"@id\":\"https:\/\/marolt-photography.com\/#\/schema\/person\/629b997fdc2e80e5556f662e3e1ed326\"},\"image\":{\"@id\":\"https:\/\/marolt-photography.com\/en\/interier-arh-tomaz-camernik\/#primaryimage\"},\"thumbnailUrl\":\"https:\/\/marolt-photography.com\/wp-content\/uploads\/2018\/02\/DSC1362_interior_Tomaz_Camernik_photo_Janez_Marolt.jpg\",\"articleSection\":[\"Arhitekturna fotografija\",\"Profesionalna fotografija\",\"Professional Photography\"],\"inLanguage\":\"en-GB\"},{\"@type\":\"WebPage\",\"@id\":\"https:\/\/marolt-photography.com\/en\/interier-arh-tomaz-camernik\/\",\"url\":\"https:\/\/marolt-photography.com\/en\/interier-arh-tomaz-camernik\/\",\"name\":\"Interier - arhitekt Toma\u017e \u010camernik\",\"isPartOf\":{\"@id\":\"https:\/\/marolt-photography.com\/#website\"},\"primaryImageOfPage\":{\"@id\":\"https:\/\/marolt-photography.com\/en\/interier-arh-tomaz-camernik\/#primaryimage\"},\"image\":{\"@id\":\"https:\/\/marolt-photography.com\/en\/interier-arh-tomaz-camernik\/#primaryimage\"},\"thumbnailUrl\":\"https:\/\/marolt-photography.com\/wp-content\/uploads\/2018\/02\/DSC1362_interior_Tomaz_Camernik_photo_Janez_Marolt.jpg\",\"datePublished\":\"2018-02-06T14:10:42+00:00\",\"dateModified\":\"2018-05-04T08:00:26+00:00\",\"description\":\"Interier doma\u010de hi\u0161e arhitekta Toma\u017ea \u010camernika, ki ga je izvedel sam, od zasnove, do fizi\u010dne izvedbe. Arhitekturna fotografija: Janez Marolt mag.in\u017e.arh.\",\"inLanguage\":\"en-GB\",\"potentialAction\":[{\"@type\":\"ReadAction\",\"target\":[\"https:\/\/marolt-photography.com\/en\/interier-arh-tomaz-camernik\/\"]}]},{\"@type\":\"ImageObject\",\"inLanguage\":\"en-GB\",\"@id\":\"https:\/\/marolt-photography.com\/en\/interier-arh-tomaz-camernik\/#primaryimage\",\"url\":\"https:\/\/marolt-photography.com\/wp-content\/uploads\/2018\/02\/DSC1362_interior_Tomaz_Camernik_photo_Janez_Marolt.jpg\",\"contentUrl\":\"https:\/\/marolt-photography.com\/wp-content\/uploads\/2018\/02\/DSC1362_interior_Tomaz_Camernik_photo_Janez_Marolt.jpg\"},{\"@type\":\"WebSite\",\"@id\":\"https:\/\/marolt-photography.com\/#website\",\"url\":\"https:\/\/marolt-photography.com\/\",\"name\":\"Janez Marolt - Photography\",\"description\":\"Profesionalna fotografija\",\"publisher\":{\"@id\":\"https:\/\/marolt-photography.com\/#\/schema\/person\/629b997fdc2e80e5556f662e3e1ed326\"},\"potentialAction\":[{\"@type\":\"SearchAction\",\"target\":{\"@type\":\"EntryPoint\",\"urlTemplate\":\"https:\/\/marolt-photography.com\/?s={search_term_string}\"},\"query-input\":{\"@type\":\"PropertyValueSpecification\",\"valueRequired\":true,\"valueName\":\"search_term_string\"}}],\"inLanguage\":\"en-GB\"},{\"@type\":[\"Person\",\"Organization\"],\"@id\":\"https:\/\/marolt-photography.com\/#\/schema\/person\/629b997fdc2e80e5556f662e3e1ed326\",\"name\":\"Janez Marolt\",\"image\":{\"@type\":\"ImageObject\",\"inLanguage\":\"en-GB\",\"@id\":\"https:\/\/marolt-photography.com\/#\/schema\/person\/image\/\",\"url\":\"https:\/\/secure.gravatar.com\/avatar\/86dc16766a32aff098b9a6bbf2c3abc20295153deca1d27fcb371d8273fb9f5d?s=96&d=mm&r=g\",\"contentUrl\":\"https:\/\/secure.gravatar.com\/avatar\/86dc16766a32aff098b9a6bbf2c3abc20295153deca1d27fcb371d8273fb9f5d?s=96&d=mm&r=g\",\"caption\":\"Janez Marolt\"},\"logo\":{\"@id\":\"https:\/\/marolt-photography.com\/#\/schema\/person\/image\/\"},\"sameAs\":[\"https:\/\/marolt-photography.com\/\",\"https:\/\/www.facebook.com\/janez.fotograf\",\"https:\/\/www.instagram.com\/janezmarolt\/\"],\"url\":\"https:\/\/marolt-photography.com\/en\/author\/admin\/\"}]}<\/script>\n<!-- \/ Yoast SEO Premium plugin. -->","yoast_head_json":{"title":"Interier - arhitekt Toma\u017e \u010camernik","description":"Interier doma\u010de hi\u0161e arhitekta Toma\u017ea \u010camernika, ki ga je izvedel sam, od zasnove, do fizi\u010dne izvedbe. Arhitekturna fotografija: Janez Marolt mag.in\u017e.arh.","robots":{"index":"index","follow":"follow","max-snippet":"max-snippet:-1","max-image-preview":"max-image-preview:large","max-video-preview":"max-video-preview:-1"},"canonical":"https:\/\/marolt-photography.com\/en\/interier-arh-tomaz-camernik\/","og_locale":"en_GB","og_type":"article","og_title":"Interier - arhitekt Toma\u017e \u010camernik","og_description":"Interier doma\u010de hi\u0161e arhitekta Toma\u017ea \u010camernika, ki ga je izvedel sam, od zasnove, do fizi\u010dne izvedbe. Arhitekturna fotografija: Janez Marolt mag.in\u017e.arh.","og_url":"https:\/\/marolt-photography.com\/en\/interier-arh-tomaz-camernik\/","og_site_name":"Janez Marolt - Photography","article_publisher":"https:\/\/www.facebook.com\/janez.fotograf","article_author":"https:\/\/www.facebook.com\/janez.fotograf","article_published_time":"2018-02-06T14:10:42+00:00","article_modified_time":"2018-05-04T08:00:26+00:00","og_image":[{"url":"https:\/\/marolt-photography.com\/wp-content\/uploads\/2018\/02\/DSC1362_interior_Tomaz_Camernik_photo_Janez_Marolt.jpg","type":"","width":"","height":""}],"author":"Janez Marolt","twitter_misc":{"Written by":"Janez Marolt"},"schema":{"@context":"https:\/\/schema.org","@graph":[{"@type":"Article","@id":"https:\/\/marolt-photography.com\/en\/interier-arh-tomaz-camernik\/#article","isPartOf":{"@id":"https:\/\/marolt-photography.com\/en\/interier-arh-tomaz-camernik\/"},"author":{"name":"Janez Marolt","@id":"https:\/\/marolt-photography.com\/#\/schema\/person\/629b997fdc2e80e5556f662e3e1ed326"},"headline":"Interier &#8211; arhitekt Toma\u017e \u010camernik","datePublished":"2018-02-06T14:10:42+00:00","dateModified":"2018-05-04T08:00:26+00:00","mainEntityOfPage":{"@id":"https:\/\/marolt-photography.com\/en\/interier-arh-tomaz-camernik\/"},"wordCount":66,"publisher":{"@id":"https:\/\/marolt-photography.com\/#\/schema\/person\/629b997fdc2e80e5556f662e3e1ed326"},"image":{"@id":"https:\/\/marolt-photography.com\/en\/interier-arh-tomaz-camernik\/#primaryimage"},"thumbnailUrl":"https:\/\/marolt-photography.com\/wp-content\/uploads\/2018\/02\/DSC1362_interior_Tomaz_Camernik_photo_Janez_Marolt.jpg","articleSection":["Arhitekturna fotografija","Profesionalna fotografija","Professional Photography"],"inLanguage":"en-GB"},{"@type":"WebPage","@id":"https:\/\/marolt-photography.com\/en\/interier-arh-tomaz-camernik\/","url":"https:\/\/marolt-photography.com\/en\/interier-arh-tomaz-camernik\/","name":"Interier - arhitekt Toma\u017e \u010camernik","isPartOf":{"@id":"https:\/\/marolt-photography.com\/#website"},"primaryImageOfPage":{"@id":"https:\/\/marolt-photography.com\/en\/interier-arh-tomaz-camernik\/#primaryimage"},"image":{"@id":"https:\/\/marolt-photography.com\/en\/interier-arh-tomaz-camernik\/#primaryimage"},"thumbnailUrl":"https:\/\/marolt-photography.com\/wp-content\/uploads\/2018\/02\/DSC1362_interior_Tomaz_Camernik_photo_Janez_Marolt.jpg","datePublished":"2018-02-06T14:10:42+00:00","dateModified":"2018-05-04T08:00:26+00:00","description":"Interier doma\u010de hi\u0161e arhitekta Toma\u017ea \u010camernika, ki ga je izvedel sam, od zasnove, do fizi\u010dne izvedbe. Arhitekturna fotografija: Janez Marolt mag.in\u017e.arh.","inLanguage":"en-GB","potentialAction":[{"@type":"ReadAction","target":["https:\/\/marolt-photography.com\/en\/interier-arh-tomaz-camernik\/"]}]},{"@type":"ImageObject","inLanguage":"en-GB","@id":"https:\/\/marolt-photography.com\/en\/interier-arh-tomaz-camernik\/#primaryimage","url":"https:\/\/marolt-photography.com\/wp-content\/uploads\/2018\/02\/DSC1362_interior_Tomaz_Camernik_photo_Janez_Marolt.jpg","contentUrl":"https:\/\/marolt-photography.com\/wp-content\/uploads\/2018\/02\/DSC1362_interior_Tomaz_Camernik_photo_Janez_Marolt.jpg"},{"@type":"WebSite","@id":"https:\/\/marolt-photography.com\/#website","url":"https:\/\/marolt-photography.com\/","name":"Janez Marolt - Photography","description":"Proefssional photography","publisher":{"@id":"https:\/\/marolt-photography.com\/#\/schema\/person\/629b997fdc2e80e5556f662e3e1ed326"},"potentialAction":[{"@type":"SearchAction","target":{"@type":"EntryPoint","urlTemplate":"https:\/\/marolt-photography.com\/?s={search_term_string}"},"query-input":{"@type":"PropertyValueSpecification","valueRequired":true,"valueName":"search_term_string"}}],"inLanguage":"en-GB"},{"@type":["Person","Organization"],"@id":"https:\/\/marolt-photography.com\/#\/schema\/person\/629b997fdc2e80e5556f662e3e1ed326","name":"Janez Marolt - professional photographer based in Ljubljana, Slovenia","image":{"@type":"ImageObject","inLanguage":"en-GB","@id":"https:\/\/marolt-photography.com\/#\/schema\/person\/image\/","url":"https:\/\/secure.gravatar.com\/avatar\/86dc16766a32aff098b9a6bbf2c3abc20295153deca1d27fcb371d8273fb9f5d?s=96&d=mm&r=g","contentUrl":"https:\/\/secure.gravatar.com\/avatar\/86dc16766a32aff098b9a6bbf2c3abc20295153deca1d27fcb371d8273fb9f5d?s=96&d=mm&r=g","caption":"Janez Marolt"},"logo":{"@id":"https:\/\/marolt-photography.com\/#\/schema\/person\/image\/"},"sameAs":["https:\/\/marolt-photography.com\/","https:\/\/www.facebook.com\/janez.fotograf","https:\/\/www.instagram.com\/janezmarolt\/"],"url":"https:\/\/marolt-photography.com\/en\/author\/admin\/"}]}},"_links":{"self":[{"href":"https:\/\/marolt-photography.com\/en\/wp-json\/wp\/v2\/posts\/2925","targetHints":{"allow":["GET"]}}],"collection":[{"href":"https:\/\/marolt-photography.com\/en\/wp-json\/wp\/v2\/posts"}],"about":[{"href":"https:\/\/marolt-photography.com\/en\/wp-json\/wp\/v2\/types\/post"}],"author":[{"embeddable":true,"href":"https:\/\/marolt-photography.com\/en\/wp-json\/wp\/v2\/users\/1"}],"replies":[{"embeddable":true,"href":"https:\/\/marolt-photography.com\/en\/wp-json\/wp\/v2\/comments?post=2925"}],"version-history":[{"count":4,"href":"https:\/\/marolt-photography.com\/en\/wp-json\/wp\/v2\/posts\/2925\/revisions"}],"predecessor-version":[{"id":2975,"href":"https:\/\/marolt-photography.com\/en\/wp-json\/wp\/v2\/posts\/2925\/revisions\/2975"}],"wp:attachment":[{"href":"https:\/\/marolt-photography.com\/en\/wp-json\/wp\/v2\/media?parent=2925"}],"wp:term":[{"taxonomy":"category","embeddable":true,"href":"https:\/\/marolt-photography.com\/en\/wp-json\/wp\/v2\/categories?post=2925"},{"taxonomy":"post_tag","embeddable":true,"href":"https:\/\/marolt-photography.com\/en\/wp-json\/wp\/v2\/tags?post=2925"}],"curies":[{"name":"wp","href":"https:\/\/api.w.org\/{rel}","templated":true}]}}